{"id":8757,"date":"2020-12-16T00:01:53","date_gmt":"2020-12-16T00:01:53","guid":{"rendered":"http:\/\/ecclesiae.de\/blog\/?p=8757"},"modified":"2020-09-03T13:36:22","modified_gmt":"2020-09-03T13:36:22","slug":"16-dezember-worte-vom-hl-papst-johannes-paul-ii","status":"publish","type":"post","link":"https:\/\/ecclesiae.de\/blog\/?p=8757","title":{"rendered":"16. Dezember &#8211; Worte vom hl. Papst Johannes Paul II."},"content":{"rendered":"\n<div class=\"wp-block-media-text alignwide is-stacked-on-mobile\"><figure class=\"wp-block-media-text__media\"><img loading=\"lazy\" decoding=\"async\" width=\"450\" height=\"600\" src=\"https:\/\/ecclesiae.de\/blog\/wp-content\/uploads\/2015\/04\/Gebet.jpeg\" alt=\"\" class=\"wp-image-3293\" srcset=\"https:\/\/ecclesiae.de\/blog\/wp-content\/uploads\/2015\/04\/Gebet.jpeg 450w, https:\/\/ecclesiae.de\/blog\/wp-content\/uploads\/2015\/04\/Gebet-225x300.jpeg 225w\" sizes=\"auto, (max-width: 450px) 100vw, 450px\" \/><\/figure><div class=\"wp-block-media-text__content\">\n<p class=\"has-text-align-center\" style=\"font-size:18px\">&#8222;Wenn Christen miteinander beten, erscheint das Ziel der Einheit n\u00e4her. Es hat den Anschein, als w\u00fcrde die lange Geschichte die durch mannigfache Zersplitterung gezeichneten Christen wieder zusammengef\u00fcgt, wenn sie nach jener Quelle ihrer Einheit strebt, die Christus ist.&#8220;<\/p>\n\n\n\n<p class=\"has-text-align-center\">(<em>Papst Johannes Paul II.<\/em>)<\/p>\n<\/div><\/div>\n","protected":false},"excerpt":{"rendered":"<p>&#8222;Wenn Christen miteinander beten, erscheint das Ziel der Einheit n\u00e4her. Es hat den Anschein, als w\u00fcrde die lange Geschichte die durch mannigfache Zersplitterung gezeichneten Christen wieder zusammengef\u00fcgt, wenn sie nach jener Quelle ihrer Einheit strebt, die Christus ist.&#8220; (Papst Johannes &hellip; <a href=\"https:\/\/ecclesiae.de\/blog\/?p=8757\">Weiterlesen <span class=\"meta-nav\">&rarr;<\/span><\/a><\/p>\n","protected":false},"author":3,"featured_media":0,"comment_status":"open","ping_status":"closed","sticky":false,"template":"","format":"standard","meta":{"footnotes":""},"categories":[1],"tags":[],"class_list":["post-8757","post","type-post","status-publish","format-standard","hentry","category-uncategorized"],"_links":{"self":[{"href":"https:\/\/ecclesiae.de\/blog\/index.php?rest_route=\/wp\/v2\/posts\/8757","targetHints":{"allow":["GET"]}}],"collection":[{"href":"https:\/\/ecclesiae.de\/blog\/index.php?rest_route=\/wp\/v2\/posts"}],"about":[{"href":"https:\/\/ecclesiae.de\/blog\/index.php?rest_route=\/wp\/v2\/types\/post"}],"author":[{"embeddable":true,"href":"https:\/\/ecclesiae.de\/blog\/index.php?rest_route=\/wp\/v2\/users\/3"}],"replies":[{"embeddable":true,"href":"https:\/\/ecclesiae.de\/blog\/index.php?rest_route=%2Fwp%2Fv2%2Fcomments&post=8757"}],"version-history":[{"count":1,"href":"https:\/\/ecclesiae.de\/blog\/index.php?rest_route=\/wp\/v2\/posts\/8757\/revisions"}],"predecessor-version":[{"id":8758,"href":"https:\/\/ecclesiae.de\/blog\/index.php?rest_route=\/wp\/v2\/posts\/8757\/revisions\/8758"}],"wp:attachment":[{"href":"https:\/\/ecclesiae.de\/blog\/index.php?rest_route=%2Fwp%2Fv2%2Fmedia&parent=8757"}],"wp:term":[{"taxonomy":"category","embeddable":true,"href":"https:\/\/ecclesiae.de\/blog\/index.php?rest_route=%2Fwp%2Fv2%2Fcategories&post=8757"},{"taxonomy":"post_tag","embeddable":true,"href":"https:\/\/ecclesiae.de\/blog\/index.php?rest_route=%2Fwp%2Fv2%2Ftags&post=8757"}],"curies":[{"name":"wp","href":"https:\/\/api.w.org\/{rel}","templated":true}]}}