{"id":8782,"date":"2020-12-23T00:01:47","date_gmt":"2020-12-23T00:01:47","guid":{"rendered":"http:\/\/ecclesiae.de\/blog\/?p=8782"},"modified":"2020-09-04T14:35:40","modified_gmt":"2020-09-04T14:35:40","slug":"23-dezember-worte-vom-hl-papst-johannes-paul-ii","status":"publish","type":"post","link":"https:\/\/ecclesiae.de\/blog\/?p=8782","title":{"rendered":"23. Dezember &#8211; Worte vom hl. Papst Johannes Paul II."},"content":{"rendered":"\n<div class=\"wp-block-media-text alignwide is-stacked-on-mobile\"><figure class=\"wp-block-media-text__media\"><img loading=\"lazy\" decoding=\"async\" width=\"382\" height=\"551\" src=\"https:\/\/ecclesiae.de\/blog\/wp-content\/uploads\/2014\/11\/Adventskranz-3-2.jpg\" alt=\"\" class=\"wp-image-2742\" srcset=\"https:\/\/ecclesiae.de\/blog\/wp-content\/uploads\/2014\/11\/Adventskranz-3-2.jpg 382w, https:\/\/ecclesiae.de\/blog\/wp-content\/uploads\/2014\/11\/Adventskranz-3-2-207x300.jpg 207w\" sizes=\"auto, (max-width: 382px) 100vw, 382px\" \/><\/figure><div class=\"wp-block-media-text__content\">\n<p class=\"has-text-align-center has-medium-font-size\">&#8222;Kind Gottes sein hei\u00dft, dem Heiligen Geist Raum geben, sich von ihm f\u00fchren lassen, offen bleiben f\u00fcr sein Wirken in der Geschichte und in der Weltgeschichte.&#8220;<\/p>\n\n\n\n<p class=\"has-text-align-center\">(<em>Papst Johannes Paul II.<\/em>)<\/p>\n<\/div><\/div>\n","protected":false},"excerpt":{"rendered":"<p>&#8222;Kind Gottes sein hei\u00dft, dem Heiligen Geist Raum geben, sich von ihm f\u00fchren lassen, offen bleiben f\u00fcr sein Wirken in der Geschichte und in der Weltgeschichte.&#8220; (Papst Johannes Paul II.)<\/p>\n","protected":false},"author":3,"featured_media":0,"comment_status":"open","ping_status":"closed","sticky":false,"template":"","format":"standard","meta":{"footnotes":""},"categories":[1],"tags":[],"class_list":["post-8782","post","type-post","status-publish","format-standard","hentry","category-uncategorized"],"_links":{"self":[{"href":"https:\/\/ecclesiae.de\/blog\/index.php?rest_route=\/wp\/v2\/posts\/8782","targetHints":{"allow":["GET"]}}],"collection":[{"href":"https:\/\/ecclesiae.de\/blog\/index.php?rest_route=\/wp\/v2\/posts"}],"about":[{"href":"https:\/\/ecclesiae.de\/blog\/index.php?rest_route=\/wp\/v2\/types\/post"}],"author":[{"embeddable":true,"href":"https:\/\/ecclesiae.de\/blog\/index.php?rest_route=\/wp\/v2\/users\/3"}],"replies":[{"embeddable":true,"href":"https:\/\/ecclesiae.de\/blog\/index.php?rest_route=%2Fwp%2Fv2%2Fcomments&post=8782"}],"version-history":[{"count":1,"href":"https:\/\/ecclesiae.de\/blog\/index.php?rest_route=\/wp\/v2\/posts\/8782\/revisions"}],"predecessor-version":[{"id":8783,"href":"https:\/\/ecclesiae.de\/blog\/index.php?rest_route=\/wp\/v2\/posts\/8782\/revisions\/8783"}],"wp:attachment":[{"href":"https:\/\/ecclesiae.de\/blog\/index.php?rest_route=%2Fwp%2Fv2%2Fmedia&parent=8782"}],"wp:term":[{"taxonomy":"category","embeddable":true,"href":"https:\/\/ecclesiae.de\/blog\/index.php?rest_route=%2Fwp%2Fv2%2Fcategories&post=8782"},{"taxonomy":"post_tag","embeddable":true,"href":"https:\/\/ecclesiae.de\/blog\/index.php?rest_route=%2Fwp%2Fv2%2Ftags&post=8782"}],"curies":[{"name":"wp","href":"https:\/\/api.w.org\/{rel}","templated":true}]}}