{"id":8784,"date":"2020-12-24T00:00:48","date_gmt":"2020-12-24T00:00:48","guid":{"rendered":"http:\/\/ecclesiae.de\/blog\/?p=8784"},"modified":"2020-09-04T14:37:28","modified_gmt":"2020-09-04T14:37:28","slug":"24-dezember-worte-vom-hl-papst-johannes-paul-ii","status":"publish","type":"post","link":"https:\/\/ecclesiae.de\/blog\/?p=8784","title":{"rendered":"24. Dezember &#8211; Worte vom hl. Papst Johannes Paul II."},"content":{"rendered":"\n<div class=\"wp-block-media-text alignwide is-stacked-on-mobile\"><figure class=\"wp-block-media-text__media\"><img loading=\"lazy\" decoding=\"async\" width=\"250\" height=\"333\" src=\"https:\/\/ecclesiae.de\/blog\/wp-content\/uploads\/2017\/12\/Weihnachten-4-e1514205484825.jpg\" alt=\"\" class=\"wp-image-6208\"\/><\/figure><div class=\"wp-block-media-text__content\">\n<p class=\"has-text-align-center has-normal-font-size\">&#8222;Wir erleben die bange und freudige Erwartung der Geburt des Erl\u00f6sers. Alles in den Stra\u00dfen und H\u00e4usern weist auf Weihnachten hin. Licht, Festschmuck und Geschenke schaffen eine unverwechselbare weihnachtliche Stimmung. Diese \u00e4u\u00dferen Vorbereitungen, die durchaus ihre Berechtigung haben, d\u00fcrfen unsere Aufmerksamkeit jedoch nicht von dem zentralen und au\u00dfergew\u00f6hnlichen Ereignis ablenken, dessen wir gedenken: die Geburt Jesu, des unsch\u00e4tzbaren Geschenks des Vaters an die Menschheit.&#8220;<\/p>\n\n\n\n<p class=\"has-text-align-center\">(Auszug des Angelus von <em>Papst Johannes Paul II. <\/em><em>&nbsp;<\/em>am 24.12.2000)<\/p>\n<\/div><\/div>\n","protected":false},"excerpt":{"rendered":"<p>&#8222;Wir erleben die bange und freudige Erwartung der Geburt des Erl\u00f6sers. Alles in den Stra\u00dfen und H\u00e4usern weist auf Weihnachten hin. Licht, Festschmuck und Geschenke schaffen eine unverwechselbare weihnachtliche Stimmung. Diese \u00e4u\u00dferen Vorbereitungen, die durchaus ihre Berechtigung haben, d\u00fcrfen unsere &hellip; <a href=\"https:\/\/ecclesiae.de\/blog\/?p=8784\">Weiterlesen <span class=\"meta-nav\">&rarr;<\/span><\/a><\/p>\n","protected":false},"author":3,"featured_media":0,"comment_status":"open","ping_status":"closed","sticky":false,"template":"","format":"standard","meta":{"footnotes":""},"categories":[1],"tags":[],"class_list":["post-8784","post","type-post","status-publish","format-standard","hentry","category-uncategorized"],"_links":{"self":[{"href":"https:\/\/ecclesiae.de\/blog\/index.php?rest_route=\/wp\/v2\/posts\/8784","targetHints":{"allow":["GET"]}}],"collection":[{"href":"https:\/\/ecclesiae.de\/blog\/index.php?rest_route=\/wp\/v2\/posts"}],"about":[{"href":"https:\/\/ecclesiae.de\/blog\/index.php?rest_route=\/wp\/v2\/types\/post"}],"author":[{"embeddable":true,"href":"https:\/\/ecclesiae.de\/blog\/index.php?rest_route=\/wp\/v2\/users\/3"}],"replies":[{"embeddable":true,"href":"https:\/\/ecclesiae.de\/blog\/index.php?rest_route=%2Fwp%2Fv2%2Fcomments&post=8784"}],"version-history":[{"count":1,"href":"https:\/\/ecclesiae.de\/blog\/index.php?rest_route=\/wp\/v2\/posts\/8784\/revisions"}],"predecessor-version":[{"id":8785,"href":"https:\/\/ecclesiae.de\/blog\/index.php?rest_route=\/wp\/v2\/posts\/8784\/revisions\/8785"}],"wp:attachment":[{"href":"https:\/\/ecclesiae.de\/blog\/index.php?rest_route=%2Fwp%2Fv2%2Fmedia&parent=8784"}],"wp:term":[{"taxonomy":"category","embeddable":true,"href":"https:\/\/ecclesiae.de\/blog\/index.php?rest_route=%2Fwp%2Fv2%2Fcategories&post=8784"},{"taxonomy":"post_tag","embeddable":true,"href":"https:\/\/ecclesiae.de\/blog\/index.php?rest_route=%2Fwp%2Fv2%2Ftags&post=8784"}],"curies":[{"name":"wp","href":"https:\/\/api.w.org\/{rel}","templated":true}]}}