{"id":8821,"date":"2021-01-01T00:01:00","date_gmt":"2021-01-01T00:01:00","guid":{"rendered":"http:\/\/ecclesiae.de\/blog\/?p=8821"},"modified":"2020-10-15T14:24:13","modified_gmt":"2020-10-15T14:24:13","slug":"01-januar-worte-vom-hl-papst-johannes-paul-ii","status":"publish","type":"post","link":"https:\/\/ecclesiae.de\/blog\/?p=8821","title":{"rendered":"01. Januar &#8211; Worte vom hl. Papst Johannes Paul II."},"content":{"rendered":"\n<div class=\"wp-block-media-text alignwide is-stacked-on-mobile\"><figure class=\"wp-block-media-text__media\"><img loading=\"lazy\" decoding=\"async\" width=\"575\" height=\"1024\" src=\"https:\/\/ecclesiae.de\/blog\/wp-content\/uploads\/2018\/12\/2-1-575x1024.jpg\" alt=\"\" class=\"wp-image-6928\" srcset=\"https:\/\/ecclesiae.de\/blog\/wp-content\/uploads\/2018\/12\/2-1-575x1024.jpg 575w, https:\/\/ecclesiae.de\/blog\/wp-content\/uploads\/2018\/12\/2-1-168x300.jpg 168w, https:\/\/ecclesiae.de\/blog\/wp-content\/uploads\/2018\/12\/2-1-768x1368.jpg 768w\" sizes=\"auto, (max-width: 575px) 100vw, 575px\" \/><\/figure><div class=\"wp-block-media-text__content\">\n<p class=\"has-text-align-center\">Der erste Tag des Jahres erinnert uns daran, dass der Mensch in der W\u00fcrde, die ihm geb\u00fchrt, zum Leben geboren wird. Die erste W\u00fcrde ist aber jene, die sich aus seiner Menschheit selber ergibt. Auf diesem Fundament ruht auch jene W\u00fcrde, die der Sohn Mariens offenbart und dem Menschen gebracht hat: &#8222;Als aber die Zeit erf\u00fcllt war, sandte Gott seinen Sohn, geboren von einer Frau und dem Gesetz unterstellt, damit er die freikaufte, die unter dem Gesetz stehen, und damit wir das Recht der Sohnschaft erlangten. Weil ihr aber S\u00f6hne seid, sandte Gott den Geist seines Sohnes in unsere Herzen, den Geist, der ruft: Abba, Vater. Daher bist du nicht mehr Sklave, sondern Sohn; bist du aber Sohn, dann auch Erbe, Erbe durch Gott&#8220; (<em>Gal<\/em>\u00a04, 4-7).<\/p>\n\n\n\n<p class=\"has-text-align-center\">(Auszug der Predigt von Papst Johannes Paul II. am 1. Januar 1980)<\/p>\n<\/div><\/div>\n","protected":false},"excerpt":{"rendered":"<p>Der erste Tag des Jahres erinnert uns daran, dass der Mensch in der W\u00fcrde, die ihm geb\u00fchrt, zum Leben geboren wird. Die erste W\u00fcrde ist aber jene, die sich aus seiner Menschheit selber ergibt. Auf diesem Fundament ruht auch jene &hellip; <a href=\"https:\/\/ecclesiae.de\/blog\/?p=8821\">Weiterlesen <span class=\"meta-nav\">&rarr;<\/span><\/a><\/p>\n","protected":false},"author":3,"featured_media":0,"comment_status":"open","ping_status":"closed","sticky":false,"template":"","format":"standard","meta":{"footnotes":""},"categories":[1],"tags":[],"class_list":["post-8821","post","type-post","status-publish","format-standard","hentry","category-uncategorized"],"_links":{"self":[{"href":"https:\/\/ecclesiae.de\/blog\/index.php?rest_route=\/wp\/v2\/posts\/8821","targetHints":{"allow":["GET"]}}],"collection":[{"href":"https:\/\/ecclesiae.de\/blog\/index.php?rest_route=\/wp\/v2\/posts"}],"about":[{"href":"https:\/\/ecclesiae.de\/blog\/index.php?rest_route=\/wp\/v2\/types\/post"}],"author":[{"embeddable":true,"href":"https:\/\/ecclesiae.de\/blog\/index.php?rest_route=\/wp\/v2\/users\/3"}],"replies":[{"embeddable":true,"href":"https:\/\/ecclesiae.de\/blog\/index.php?rest_route=%2Fwp%2Fv2%2Fcomments&post=8821"}],"version-history":[{"count":1,"href":"https:\/\/ecclesiae.de\/blog\/index.php?rest_route=\/wp\/v2\/posts\/8821\/revisions"}],"predecessor-version":[{"id":8822,"href":"https:\/\/ecclesiae.de\/blog\/index.php?rest_route=\/wp\/v2\/posts\/8821\/revisions\/8822"}],"wp:attachment":[{"href":"https:\/\/ecclesiae.de\/blog\/index.php?rest_route=%2Fwp%2Fv2%2Fmedia&parent=8821"}],"wp:term":[{"taxonomy":"category","embeddable":true,"href":"https:\/\/ecclesiae.de\/blog\/index.php?rest_route=%2Fwp%2Fv2%2Fcategories&post=8821"},{"taxonomy":"post_tag","embeddable":true,"href":"https:\/\/ecclesiae.de\/blog\/index.php?rest_route=%2Fwp%2Fv2%2Ftags&post=8821"}],"curies":[{"name":"wp","href":"https:\/\/api.w.org\/{rel}","templated":true}]}}