{"id":8825,"date":"2021-01-03T00:01:00","date_gmt":"2021-01-03T00:01:00","guid":{"rendered":"http:\/\/ecclesiae.de\/blog\/?p=8825"},"modified":"2020-10-15T14:28:34","modified_gmt":"2020-10-15T14:28:34","slug":"03-januar-worte-vom-hl-papst-johannes-paul-ii","status":"publish","type":"post","link":"https:\/\/ecclesiae.de\/blog\/?p=8825","title":{"rendered":"03. Januar &#8211; Worte vom hl. Papst Johannes Paul II."},"content":{"rendered":"\n<div class=\"wp-block-media-text alignwide is-stacked-on-mobile\"><figure class=\"wp-block-media-text__media\"><img loading=\"lazy\" decoding=\"async\" width=\"485\" height=\"1024\" src=\"https:\/\/ecclesiae.de\/blog\/wp-content\/uploads\/2020\/10\/20200111_173140-485x1024.jpg\" alt=\"\" class=\"wp-image-8814\" srcset=\"https:\/\/ecclesiae.de\/blog\/wp-content\/uploads\/2020\/10\/20200111_173140-485x1024.jpg 485w, https:\/\/ecclesiae.de\/blog\/wp-content\/uploads\/2020\/10\/20200111_173140-142x300.jpg 142w, https:\/\/ecclesiae.de\/blog\/wp-content\/uploads\/2020\/10\/20200111_173140-768x1623.jpg 768w, https:\/\/ecclesiae.de\/blog\/wp-content\/uploads\/2020\/10\/20200111_173140-727x1536.jpg 727w, https:\/\/ecclesiae.de\/blog\/wp-content\/uploads\/2020\/10\/20200111_173140-969x2048.jpg 969w, https:\/\/ecclesiae.de\/blog\/wp-content\/uploads\/2020\/10\/20200111_173140-scaled.jpg 1211w\" sizes=\"auto, (max-width: 485px) 100vw, 485px\" \/><\/figure><div class=\"wp-block-media-text__content\">\n<p class=\"has-text-align-center\">Das Kind ist daher auch unser \u00bbZeitgenosse\u00ab. Die Gaben des Herrn werden nie vergehen. Das ist die frohe Botschaft des Weihnachtsfests: Das g\u00f6ttliche Licht, das die Herzen von Maria und Josef durchstr\u00f6mte und die Schritte der Hirten und Magier leitete, strahlt auch heute f\u00fcr uns.&nbsp;<\/p>\n\n\n\n<p class=\"has-text-align-center\">Das eigentliche Drama besteht darin,\u00a0<em>dass Christus, das Licht der Welt, von vielen nicht gekannt, von anderen nicht angenommen, ja sogar abgelehnt wird<\/em>. In unserer Gesellschaft ist leider eine von Egoismus getr\u00e4nkte Kultur weit verbreitet, die sich der Kenntnis und Liebe Gottes verschlie\u00dft. Es ist eine Kultur, die eine feste Bezugnahme auf die g\u00f6ttliche Transzendenz faktisch verweigert und hierdurch Verwirrung und Unzufriedenheit, Gleichg\u00fcltigkeit und Einsamkeit, Hass und Gewalt verursacht. Wie dringend notwendig ist daher ein freudiges Zeugnis f\u00fcr die eine &#8211; alte und doch stets neue &#8211; Heilsbotschaft des Evangeliums des Lebens und des Lichts, der Hoffnung und der Liebe!\u00a0<br>3. Maria, der Stern der Evangelisierung, die wir vertrauensvoll anrufen, komme uns allezeit zu Hilfe, damit wir unserer christlichen Berufung treu bleiben und die Sehnsucht nach Gerechtigkeit und Frieden, die wir zu Beginn dieses neuen Jahres so stark empfinden, verwirklichen k\u00f6nnen.<\/p>\n\n\n\n<p class=\"has-text-align-center\">(Auszug des Angelus von Papst Johannes Paul II. am 5. Januar 2003)<\/p>\n<\/div><\/div>\n","protected":false},"excerpt":{"rendered":"<p>Das Kind ist daher auch unser \u00bbZeitgenosse\u00ab. Die Gaben des Herrn werden nie vergehen. Das ist die frohe Botschaft des Weihnachtsfests: Das g\u00f6ttliche Licht, das die Herzen von Maria und Josef durchstr\u00f6mte und die Schritte der Hirten und Magier leitete, &hellip; <a href=\"https:\/\/ecclesiae.de\/blog\/?p=8825\">Weiterlesen <span class=\"meta-nav\">&rarr;<\/span><\/a><\/p>\n","protected":false},"author":3,"featured_media":0,"comment_status":"open","ping_status":"closed","sticky":false,"template":"","format":"standard","meta":{"footnotes":""},"categories":[1],"tags":[],"class_list":["post-8825","post","type-post","status-publish","format-standard","hentry","category-uncategorized"],"_links":{"self":[{"href":"https:\/\/ecclesiae.de\/blog\/index.php?rest_route=\/wp\/v2\/posts\/8825","targetHints":{"allow":["GET"]}}],"collection":[{"href":"https:\/\/ecclesiae.de\/blog\/index.php?rest_route=\/wp\/v2\/posts"}],"about":[{"href":"https:\/\/ecclesiae.de\/blog\/index.php?rest_route=\/wp\/v2\/types\/post"}],"author":[{"embeddable":true,"href":"https:\/\/ecclesiae.de\/blog\/index.php?rest_route=\/wp\/v2\/users\/3"}],"replies":[{"embeddable":true,"href":"https:\/\/ecclesiae.de\/blog\/index.php?rest_route=%2Fwp%2Fv2%2Fcomments&post=8825"}],"version-history":[{"count":1,"href":"https:\/\/ecclesiae.de\/blog\/index.php?rest_route=\/wp\/v2\/posts\/8825\/revisions"}],"predecessor-version":[{"id":8826,"href":"https:\/\/ecclesiae.de\/blog\/index.php?rest_route=\/wp\/v2\/posts\/8825\/revisions\/8826"}],"wp:attachment":[{"href":"https:\/\/ecclesiae.de\/blog\/index.php?rest_route=%2Fwp%2Fv2%2Fmedia&parent=8825"}],"wp:term":[{"taxonomy":"category","embeddable":true,"href":"https:\/\/ecclesiae.de\/blog\/index.php?rest_route=%2Fwp%2Fv2%2Fcategories&post=8825"},{"taxonomy":"post_tag","embeddable":true,"href":"https:\/\/ecclesiae.de\/blog\/index.php?rest_route=%2Fwp%2Fv2%2Ftags&post=8825"}],"curies":[{"name":"wp","href":"https:\/\/api.w.org\/{rel}","templated":true}]}}