{"id":8897,"date":"2021-02-03T00:01:00","date_gmt":"2021-02-03T00:01:00","guid":{"rendered":"http:\/\/ecclesiae.de\/blog\/?p=8897"},"modified":"2020-11-30T09:59:29","modified_gmt":"2020-11-30T09:59:29","slug":"03-februar-worte-vom-hl-papst-johannes-paul-ii","status":"publish","type":"post","link":"https:\/\/ecclesiae.de\/blog\/?p=8897","title":{"rendered":"03. Februar &#8211; Worte vom hl. Papst Johannes Paul II."},"content":{"rendered":"\n<div class=\"wp-block-media-text alignwide is-stacked-on-mobile\"><figure class=\"wp-block-media-text__media\"><img loading=\"lazy\" decoding=\"async\" width=\"292\" height=\"932\" src=\"https:\/\/ecclesiae.de\/blog\/wp-content\/uploads\/2017\/01\/Blasius.jpg\" alt=\"\" class=\"wp-image-5281\" srcset=\"https:\/\/ecclesiae.de\/blog\/wp-content\/uploads\/2017\/01\/Blasius.jpg 292w, https:\/\/ecclesiae.de\/blog\/wp-content\/uploads\/2017\/01\/Blasius-94x300.jpg 94w\" sizes=\"auto, (max-width: 292px) 100vw, 292px\" \/><\/figure><div class=\"wp-block-media-text__content\">\n<p class=\"has-text-align-center has-normal-font-size\">Meine lieben Br\u00fcder und Schwestern, ich gr\u00fc\u00dfe euch alle mit Zuneigung. Der Herr, den wir am gestrigen Fest als Licht, das den Heilsweg jedes Menschen erleuchtet, betrachtet haben, m\u00f6ge im Leben von jedem mit seinem Glanz erstrahlen und es mit seiner Freude und seinem Frieden erf\u00fcllen.<\/p>\n\n\n\n<p class=\"has-text-align-center has-normal-font-size\">Ich hoffe, dass im Sinne des bekannten Sprichworts \u00bbWenn\u2019s an Lichtme\u00df st\u00fcrmt und schneit, ist der Fr\u00fchling nicht mehr weit\u00ab bald wieder sch\u00f6ne und warme sonnige Tage kommen. Allen einen besonderen Segen.&nbsp;<\/p>\n\n\n\n<p class=\"has-text-align-center\">(Papst Johannes Paul II. am 3. Februar 1999)<\/p>\n<\/div><\/div>\n","protected":false},"excerpt":{"rendered":"<p>Meine lieben Br\u00fcder und Schwestern, ich gr\u00fc\u00dfe euch alle mit Zuneigung. Der Herr, den wir am gestrigen Fest als Licht, das den Heilsweg jedes Menschen erleuchtet, betrachtet haben, m\u00f6ge im Leben von jedem mit seinem Glanz erstrahlen und es mit &hellip; <a href=\"https:\/\/ecclesiae.de\/blog\/?p=8897\">Weiterlesen <span class=\"meta-nav\">&rarr;<\/span><\/a><\/p>\n","protected":false},"author":3,"featured_media":0,"comment_status":"open","ping_status":"closed","sticky":false,"template":"","format":"standard","meta":{"footnotes":""},"categories":[1],"tags":[],"class_list":["post-8897","post","type-post","status-publish","format-standard","hentry","category-uncategorized"],"_links":{"self":[{"href":"https:\/\/ecclesiae.de\/blog\/index.php?rest_route=\/wp\/v2\/posts\/8897","targetHints":{"allow":["GET"]}}],"collection":[{"href":"https:\/\/ecclesiae.de\/blog\/index.php?rest_route=\/wp\/v2\/posts"}],"about":[{"href":"https:\/\/ecclesiae.de\/blog\/index.php?rest_route=\/wp\/v2\/types\/post"}],"author":[{"embeddable":true,"href":"https:\/\/ecclesiae.de\/blog\/index.php?rest_route=\/wp\/v2\/users\/3"}],"replies":[{"embeddable":true,"href":"https:\/\/ecclesiae.de\/blog\/index.php?rest_route=%2Fwp%2Fv2%2Fcomments&post=8897"}],"version-history":[{"count":1,"href":"https:\/\/ecclesiae.de\/blog\/index.php?rest_route=\/wp\/v2\/posts\/8897\/revisions"}],"predecessor-version":[{"id":8898,"href":"https:\/\/ecclesiae.de\/blog\/index.php?rest_route=\/wp\/v2\/posts\/8897\/revisions\/8898"}],"wp:attachment":[{"href":"https:\/\/ecclesiae.de\/blog\/index.php?rest_route=%2Fwp%2Fv2%2Fmedia&parent=8897"}],"wp:term":[{"taxonomy":"category","embeddable":true,"href":"https:\/\/ecclesiae.de\/blog\/index.php?rest_route=%2Fwp%2Fv2%2Fcategories&post=8897"},{"taxonomy":"post_tag","embeddable":true,"href":"https:\/\/ecclesiae.de\/blog\/index.php?rest_route=%2Fwp%2Fv2%2Ftags&post=8897"}],"curies":[{"name":"wp","href":"https:\/\/api.w.org\/{rel}","templated":true}]}}