{"id":8899,"date":"2021-02-04T00:01:00","date_gmt":"2021-02-04T00:01:00","guid":{"rendered":"http:\/\/ecclesiae.de\/blog\/?p=8899"},"modified":"2020-11-30T10:15:11","modified_gmt":"2020-11-30T10:15:11","slug":"04-februar-worte-vom-hl-papst-johannes-paul-ii","status":"publish","type":"post","link":"https:\/\/ecclesiae.de\/blog\/?p=8899","title":{"rendered":"04. Februar &#8211; Worte vom hl. Papst Johannes Paul II."},"content":{"rendered":"\n<div class=\"wp-block-media-text alignwide is-stacked-on-mobile\"><figure class=\"wp-block-media-text__media\"><img loading=\"lazy\" decoding=\"async\" width=\"768\" height=\"1024\" src=\"https:\/\/ecclesiae.de\/blog\/wp-content\/uploads\/2015\/01\/DSCN00081-768x1024.jpg\" alt=\"\" class=\"wp-image-3082\" srcset=\"https:\/\/ecclesiae.de\/blog\/wp-content\/uploads\/2015\/01\/DSCN00081-768x1024.jpg 768w, https:\/\/ecclesiae.de\/blog\/wp-content\/uploads\/2015\/01\/DSCN00081-225x300.jpg 225w, https:\/\/ecclesiae.de\/blog\/wp-content\/uploads\/2015\/01\/DSCN00081.jpg 1200w\" sizes=\"auto, (max-width: 768px) 100vw, 768px\" \/><\/figure><div class=\"wp-block-media-text__content\">\n<p class=\"has-text-align-center\">In seinem irdischen Leben offenbart sich Jesus Christus als Erl\u00f6ser, den der Vater zum Heil der Welt gesandt hat. Dies zeigt schon die Bedeutung seines Namens. &#8222;Jesus&#8220; hei\u00dft \u00fcbersetzt &#8222;Gott rettet&#8220;. Dieser Name wurde ihm auf Grund einer himmlischen Weisung gegeben: &#8222;Denn er wird sein Volk von seinen S\u00fcnden erl\u00f6sen&#8220;, so schreibt der Evangelist Matth\u00e4us (1,21).<\/p>\n\n\n\n<p class=\"has-text-align-center\">Christus selbst begreift seine Sendung als Dienst, der seinen h\u00f6chsten Ausdruck in der Hingabe seines Lebens zum Heil aller Menschen finden wird: &#8222;Denn auch der Menschensohn ist nicht gekommen, um sich dienen zu lassen, sondern um zu dienen und sein Leben hinzugeben als L\u00f6segeld f\u00fcr viele&#8220; (<em>Mk<\/em>\u00a010,45).<\/p>\n<\/div><\/div>\n\n\n\n<p class=\"has-text-align-center\">Jesus versteht sich \u00fcberdies als universaler und alleiniger Heiland der Menschheit. Er ist der einzige Mittler zwischen Gott und den Menschen: &#8222;Denn einer ist Gott, Einer auch der Mittler zwischen Gott und den Menschen: der Mensch Christus Jesus, der sich als L\u00f6segeld hingegeben hat f\u00fcr alle&#8220; (1<em>Tim<\/em>&nbsp;2,5-6).<\/p>\n\n\n\n<p class=\"has-text-align-center\">(Papst Johannes Paul II. am 04. Februar 1998)<\/p>\n","protected":false},"excerpt":{"rendered":"<p>In seinem irdischen Leben offenbart sich Jesus Christus als Erl\u00f6ser, den der Vater zum Heil der Welt gesandt hat. Dies zeigt schon die Bedeutung seines Namens. &#8222;Jesus&#8220; hei\u00dft \u00fcbersetzt &#8222;Gott rettet&#8220;. Dieser Name wurde ihm auf Grund einer himmlischen Weisung &hellip; <a href=\"https:\/\/ecclesiae.de\/blog\/?p=8899\">Weiterlesen <span class=\"meta-nav\">&rarr;<\/span><\/a><\/p>\n","protected":false},"author":3,"featured_media":0,"comment_status":"open","ping_status":"closed","sticky":false,"template":"","format":"standard","meta":{"footnotes":""},"categories":[1],"tags":[],"class_list":["post-8899","post","type-post","status-publish","format-standard","hentry","category-uncategorized"],"_links":{"self":[{"href":"https:\/\/ecclesiae.de\/blog\/index.php?rest_route=\/wp\/v2\/posts\/8899","targetHints":{"allow":["GET"]}}],"collection":[{"href":"https:\/\/ecclesiae.de\/blog\/index.php?rest_route=\/wp\/v2\/posts"}],"about":[{"href":"https:\/\/ecclesiae.de\/blog\/index.php?rest_route=\/wp\/v2\/types\/post"}],"author":[{"embeddable":true,"href":"https:\/\/ecclesiae.de\/blog\/index.php?rest_route=\/wp\/v2\/users\/3"}],"replies":[{"embeddable":true,"href":"https:\/\/ecclesiae.de\/blog\/index.php?rest_route=%2Fwp%2Fv2%2Fcomments&post=8899"}],"version-history":[{"count":1,"href":"https:\/\/ecclesiae.de\/blog\/index.php?rest_route=\/wp\/v2\/posts\/8899\/revisions"}],"predecessor-version":[{"id":8900,"href":"https:\/\/ecclesiae.de\/blog\/index.php?rest_route=\/wp\/v2\/posts\/8899\/revisions\/8900"}],"wp:attachment":[{"href":"https:\/\/ecclesiae.de\/blog\/index.php?rest_route=%2Fwp%2Fv2%2Fmedia&parent=8899"}],"wp:term":[{"taxonomy":"category","embeddable":true,"href":"https:\/\/ecclesiae.de\/blog\/index.php?rest_route=%2Fwp%2Fv2%2Fcategories&post=8899"},{"taxonomy":"post_tag","embeddable":true,"href":"https:\/\/ecclesiae.de\/blog\/index.php?rest_route=%2Fwp%2Fv2%2Ftags&post=8899"}],"curies":[{"name":"wp","href":"https:\/\/api.w.org\/{rel}","templated":true}]}}