{"id":8920,"date":"2021-02-14T00:01:00","date_gmt":"2021-02-14T00:01:00","guid":{"rendered":"http:\/\/ecclesiae.de\/blog\/?p=8920"},"modified":"2020-12-09T15:01:28","modified_gmt":"2020-12-09T15:01:28","slug":"14-februar-worte-vom-hl-papst-johannes-paul-ii","status":"publish","type":"post","link":"https:\/\/ecclesiae.de\/blog\/?p=8920","title":{"rendered":"14. Februar &#8211; Worte vom hl. Papst Johannes Paul II."},"content":{"rendered":"\n<div class=\"wp-block-media-text alignwide is-stacked-on-mobile\"><figure class=\"wp-block-media-text__media\"><img loading=\"lazy\" decoding=\"async\" width=\"980\" height=\"980\" src=\"https:\/\/ecclesiae.de\/blog\/wp-content\/uploads\/2019\/12\/IMG_20191006_182341_643.jpg\" alt=\"\" class=\"wp-image-7959 size-full\" srcset=\"https:\/\/ecclesiae.de\/blog\/wp-content\/uploads\/2019\/12\/IMG_20191006_182341_643.jpg 980w, https:\/\/ecclesiae.de\/blog\/wp-content\/uploads\/2019\/12\/IMG_20191006_182341_643-300x300.jpg 300w, https:\/\/ecclesiae.de\/blog\/wp-content\/uploads\/2019\/12\/IMG_20191006_182341_643-150x150.jpg 150w, https:\/\/ecclesiae.de\/blog\/wp-content\/uploads\/2019\/12\/IMG_20191006_182341_643-768x768.jpg 768w\" sizes=\"auto, (max-width: 980px) 100vw, 980px\" \/><\/figure><div class=\"wp-block-media-text__content\">\n<p class=\"has-text-align-center\">Die Krankheit hilft uns, das Geheimnis des Menschen zu verstehen. Wie der Auss\u00e4tzige, von dem das Evangelium an diesem Sonntag spricht, erfahren auch wir, wenn wir krank sind, die menschliche Gebrechlichkeit und empfinden den starken Wunsch, wieder gesund zu werden. In Jesus, der Mitleid mit uns hat, finden wir Unterst\u00fctzung und die Antwort auf unsere tiefsten Erwartungen. In seinem Kreuz kann jedes Leiden Sinnhaftigkeit annehmen; zwar bleibt die Krankheit weiterhin eine Pr\u00fcfung, sie wird aber von Hoffnung erhellt.<\/p>\n<\/div><\/div>\n\n\n\n<p class=\"has-text-align-center\">Es ist so! Gott will die Krankheit nicht; er hat das B\u00f6se und den Tod nicht geschaffen. Aber von dem Augenblick an, wo diese der S\u00fcnde wegen in die Welt gekommen sind, ist seine Liebe ganz darauf ausgerichtet, den Menschen wiederherzustellen, ihn von der S\u00fcnde und allem B\u00f6sen zu heilen und mit Leben, Frieden und Freude zu erf\u00fcllen.\u00a0<\/p>\n\n\n\n<p class=\"has-text-align-center\">(Papst Johannes Paul II. am 14.02.2000)<\/p>\n","protected":false},"excerpt":{"rendered":"<p>Die Krankheit hilft uns, das Geheimnis des Menschen zu verstehen. Wie der Auss\u00e4tzige, von dem das Evangelium an diesem Sonntag spricht, erfahren auch wir, wenn wir krank sind, die menschliche Gebrechlichkeit und empfinden den starken Wunsch, wieder gesund zu werden. &hellip; <a href=\"https:\/\/ecclesiae.de\/blog\/?p=8920\">Weiterlesen <span class=\"meta-nav\">&rarr;<\/span><\/a><\/p>\n","protected":false},"author":3,"featured_media":0,"comment_status":"open","ping_status":"closed","sticky":false,"template":"","format":"standard","meta":{"footnotes":""},"categories":[1],"tags":[],"class_list":["post-8920","post","type-post","status-publish","format-standard","hentry","category-uncategorized"],"_links":{"self":[{"href":"https:\/\/ecclesiae.de\/blog\/index.php?rest_route=\/wp\/v2\/posts\/8920","targetHints":{"allow":["GET"]}}],"collection":[{"href":"https:\/\/ecclesiae.de\/blog\/index.php?rest_route=\/wp\/v2\/posts"}],"about":[{"href":"https:\/\/ecclesiae.de\/blog\/index.php?rest_route=\/wp\/v2\/types\/post"}],"author":[{"embeddable":true,"href":"https:\/\/ecclesiae.de\/blog\/index.php?rest_route=\/wp\/v2\/users\/3"}],"replies":[{"embeddable":true,"href":"https:\/\/ecclesiae.de\/blog\/index.php?rest_route=%2Fwp%2Fv2%2Fcomments&post=8920"}],"version-history":[{"count":1,"href":"https:\/\/ecclesiae.de\/blog\/index.php?rest_route=\/wp\/v2\/posts\/8920\/revisions"}],"predecessor-version":[{"id":8921,"href":"https:\/\/ecclesiae.de\/blog\/index.php?rest_route=\/wp\/v2\/posts\/8920\/revisions\/8921"}],"wp:attachment":[{"href":"https:\/\/ecclesiae.de\/blog\/index.php?rest_route=%2Fwp%2Fv2%2Fmedia&parent=8920"}],"wp:term":[{"taxonomy":"category","embeddable":true,"href":"https:\/\/ecclesiae.de\/blog\/index.php?rest_route=%2Fwp%2Fv2%2Fcategories&post=8920"},{"taxonomy":"post_tag","embeddable":true,"href":"https:\/\/ecclesiae.de\/blog\/index.php?rest_route=%2Fwp%2Fv2%2Ftags&post=8920"}],"curies":[{"name":"wp","href":"https:\/\/api.w.org\/{rel}","templated":true}]}}