{"id":8924,"date":"2021-02-16T00:03:00","date_gmt":"2021-02-16T00:03:00","guid":{"rendered":"http:\/\/ecclesiae.de\/blog\/?p=8924"},"modified":"2020-12-09T15:04:51","modified_gmt":"2020-12-09T15:04:51","slug":"16-februar-worte-vom-hl-papst-johannes-paul-ii","status":"publish","type":"post","link":"https:\/\/ecclesiae.de\/blog\/?p=8924","title":{"rendered":"16. Februar &#8211; Worte vom hl. Papst Johannes Paul II."},"content":{"rendered":"\n<div class=\"wp-block-media-text alignwide is-stacked-on-mobile\"><figure class=\"wp-block-media-text__media\"><img loading=\"lazy\" decoding=\"async\" width=\"575\" height=\"1024\" src=\"https:\/\/ecclesiae.de\/blog\/wp-content\/uploads\/2017\/05\/IMG_20170419_130102-575x1024.jpg\" alt=\"\" class=\"wp-image-5538 size-full\" srcset=\"https:\/\/ecclesiae.de\/blog\/wp-content\/uploads\/2017\/05\/IMG_20170419_130102-575x1024.jpg 575w, https:\/\/ecclesiae.de\/blog\/wp-content\/uploads\/2017\/05\/IMG_20170419_130102-168x300.jpg 168w, https:\/\/ecclesiae.de\/blog\/wp-content\/uploads\/2017\/05\/IMG_20170419_130102-768x1368.jpg 768w\" sizes=\"auto, (max-width: 575px) 100vw, 575px\" \/><\/figure><div class=\"wp-block-media-text__content\">\n<p class=\"has-text-align-center has-medium-font-size\">\u201eDer Mensch h\u00f6rt nicht auf, gro\u00df zu sein, auch nicht in seiner Schw\u00e4che.<\/p>\n\n\n\n<p class=\"has-text-align-center\">(Papst Johannes Paul II.)<\/p>\n<\/div><\/div>\n","protected":false},"excerpt":{"rendered":"<p>\u201eDer Mensch h\u00f6rt nicht auf, gro\u00df zu sein, auch nicht in seiner Schw\u00e4che. (Papst Johannes Paul II.)<\/p>\n","protected":false},"author":3,"featured_media":0,"comment_status":"open","ping_status":"closed","sticky":false,"template":"","format":"standard","meta":{"footnotes":""},"categories":[1],"tags":[],"class_list":["post-8924","post","type-post","status-publish","format-standard","hentry","category-uncategorized"],"_links":{"self":[{"href":"https:\/\/ecclesiae.de\/blog\/index.php?rest_route=\/wp\/v2\/posts\/8924","targetHints":{"allow":["GET"]}}],"collection":[{"href":"https:\/\/ecclesiae.de\/blog\/index.php?rest_route=\/wp\/v2\/posts"}],"about":[{"href":"https:\/\/ecclesiae.de\/blog\/index.php?rest_route=\/wp\/v2\/types\/post"}],"author":[{"embeddable":true,"href":"https:\/\/ecclesiae.de\/blog\/index.php?rest_route=\/wp\/v2\/users\/3"}],"replies":[{"embeddable":true,"href":"https:\/\/ecclesiae.de\/blog\/index.php?rest_route=%2Fwp%2Fv2%2Fcomments&post=8924"}],"version-history":[{"count":1,"href":"https:\/\/ecclesiae.de\/blog\/index.php?rest_route=\/wp\/v2\/posts\/8924\/revisions"}],"predecessor-version":[{"id":8925,"href":"https:\/\/ecclesiae.de\/blog\/index.php?rest_route=\/wp\/v2\/posts\/8924\/revisions\/8925"}],"wp:attachment":[{"href":"https:\/\/ecclesiae.de\/blog\/index.php?rest_route=%2Fwp%2Fv2%2Fmedia&parent=8924"}],"wp:term":[{"taxonomy":"category","embeddable":true,"href":"https:\/\/ecclesiae.de\/blog\/index.php?rest_route=%2Fwp%2Fv2%2Fcategories&post=8924"},{"taxonomy":"post_tag","embeddable":true,"href":"https:\/\/ecclesiae.de\/blog\/index.php?rest_route=%2Fwp%2Fv2%2Ftags&post=8924"}],"curies":[{"name":"wp","href":"https:\/\/api.w.org\/{rel}","templated":true}]}}