{"id":8926,"date":"2021-02-17T00:01:00","date_gmt":"2021-02-17T00:01:00","guid":{"rendered":"http:\/\/ecclesiae.de\/blog\/?p=8926"},"modified":"2020-12-09T15:07:30","modified_gmt":"2020-12-09T15:07:30","slug":"17-februar-worte-vom-hl-papst-johannes-paul-ii","status":"publish","type":"post","link":"https:\/\/ecclesiae.de\/blog\/?p=8926","title":{"rendered":"17. Februar &#8211; Worte vom hl. Papst Johannes Paul II."},"content":{"rendered":"\n<div class=\"wp-block-media-text alignwide is-stacked-on-mobile\"><figure class=\"wp-block-media-text__media\"><img loading=\"lazy\" decoding=\"async\" width=\"940\" height=\"702\" src=\"https:\/\/ecclesiae.de\/blog\/wp-content\/uploads\/2016\/02\/AschePalmzgesegnet-940x702.jpg\" alt=\"\" class=\"wp-image-4369 size-full\" srcset=\"https:\/\/ecclesiae.de\/blog\/wp-content\/uploads\/2016\/02\/AschePalmzgesegnet-940x702.jpg 940w, https:\/\/ecclesiae.de\/blog\/wp-content\/uploads\/2016\/02\/AschePalmzgesegnet-940x702-300x224.jpg 300w, https:\/\/ecclesiae.de\/blog\/wp-content\/uploads\/2016\/02\/AschePalmzgesegnet-940x702-768x574.jpg 768w, https:\/\/ecclesiae.de\/blog\/wp-content\/uploads\/2016\/02\/AschePalmzgesegnet-940x702-402x300.jpg 402w\" sizes=\"auto, (max-width: 940px) 100vw, 940px\" \/><\/figure><div class=\"wp-block-media-text__content\">\n<p class=\"has-text-align-center has-medium-font-size\">Heute am Aschermittwoch beginnt die \u00f6sterliche Bu\u00dfzeit. In diesem Jahr schauen wir besonders auf die Barmherzigkeit Gottes des Vaters.<\/p>\n<\/div><\/div>\n\n\n\n<p class=\"has-text-align-center\">Die gesamte Kirche ist in der Fastenzeit eingeladen, sich zu bekehren und sich Gott zu \u00f6ffnen. Die S\u00fcnde verschlie\u00dft den Menschen, das Bekenntnis der S\u00fcnden macht ihn frei und f\u00fchrt ihn zu Gott. Wenn der Mensch aus der Tiefe seines Herzens spricht: \u201cVater, ich habe ges\u00fcndigt\u201d, dann kann daraus eine echte Freundschaft mit Gott entstehen. Das wird im dramatischen Gleichnis vom verlorenen Sohn eindrucksvoll best\u00e4tigt.<\/p>\n\n\n\n<p class=\"has-text-align-center\">Auch wir sind aufgerufen, unseren Geist f\u00fcr das Geschenk der g\u00f6ttlichen Barmherzigkeit zu bereiten, indem wir auf das Wort Gottes h\u00f6ren und im Gebet antworten. Durch die Bu\u00dfe und das Fasten sowie in der Bereitschaft, dem anderen beizustehen, wird unsere innere Haltung und Gesinnung deutlich.<\/p>\n\n\n\n<p class=\"has-text-align-center\">(Papst Johannes Paul am 17. Februar 1999)<\/p>\n","protected":false},"excerpt":{"rendered":"<p>Heute am Aschermittwoch beginnt die \u00f6sterliche Bu\u00dfzeit. In diesem Jahr schauen wir besonders auf die Barmherzigkeit Gottes des Vaters. Die gesamte Kirche ist in der Fastenzeit eingeladen, sich zu bekehren und sich Gott zu \u00f6ffnen. Die S\u00fcnde verschlie\u00dft den Menschen, &hellip; <a href=\"https:\/\/ecclesiae.de\/blog\/?p=8926\">Weiterlesen <span class=\"meta-nav\">&rarr;<\/span><\/a><\/p>\n","protected":false},"author":3,"featured_media":0,"comment_status":"open","ping_status":"closed","sticky":false,"template":"","format":"standard","meta":{"footnotes":""},"categories":[1],"tags":[],"class_list":["post-8926","post","type-post","status-publish","format-standard","hentry","category-uncategorized"],"_links":{"self":[{"href":"https:\/\/ecclesiae.de\/blog\/index.php?rest_route=\/wp\/v2\/posts\/8926","targetHints":{"allow":["GET"]}}],"collection":[{"href":"https:\/\/ecclesiae.de\/blog\/index.php?rest_route=\/wp\/v2\/posts"}],"about":[{"href":"https:\/\/ecclesiae.de\/blog\/index.php?rest_route=\/wp\/v2\/types\/post"}],"author":[{"embeddable":true,"href":"https:\/\/ecclesiae.de\/blog\/index.php?rest_route=\/wp\/v2\/users\/3"}],"replies":[{"embeddable":true,"href":"https:\/\/ecclesiae.de\/blog\/index.php?rest_route=%2Fwp%2Fv2%2Fcomments&post=8926"}],"version-history":[{"count":1,"href":"https:\/\/ecclesiae.de\/blog\/index.php?rest_route=\/wp\/v2\/posts\/8926\/revisions"}],"predecessor-version":[{"id":8927,"href":"https:\/\/ecclesiae.de\/blog\/index.php?rest_route=\/wp\/v2\/posts\/8926\/revisions\/8927"}],"wp:attachment":[{"href":"https:\/\/ecclesiae.de\/blog\/index.php?rest_route=%2Fwp%2Fv2%2Fmedia&parent=8926"}],"wp:term":[{"taxonomy":"category","embeddable":true,"href":"https:\/\/ecclesiae.de\/blog\/index.php?rest_route=%2Fwp%2Fv2%2Fcategories&post=8926"},{"taxonomy":"post_tag","embeddable":true,"href":"https:\/\/ecclesiae.de\/blog\/index.php?rest_route=%2Fwp%2Fv2%2Ftags&post=8926"}],"curies":[{"name":"wp","href":"https:\/\/api.w.org\/{rel}","templated":true}]}}