{"id":8928,"date":"2021-02-18T00:01:00","date_gmt":"2021-02-18T00:01:00","guid":{"rendered":"http:\/\/ecclesiae.de\/blog\/?p=8928"},"modified":"2020-12-09T15:10:29","modified_gmt":"2020-12-09T15:10:29","slug":"18-februar-worte-vom-hl-papst-johannes-paul-ii","status":"publish","type":"post","link":"https:\/\/ecclesiae.de\/blog\/?p=8928","title":{"rendered":"18. Februar &#8211; Worte vom hl. Papst Johannes Paul II."},"content":{"rendered":"\n<div class=\"wp-block-media-text alignwide is-stacked-on-mobile\"><figure class=\"wp-block-media-text__media\"><img loading=\"lazy\" decoding=\"async\" width=\"575\" height=\"1024\" src=\"https:\/\/ecclesiae.de\/blog\/wp-content\/uploads\/2019\/05\/IMG_20190510_143546-575x1024.jpg\" alt=\"\" class=\"wp-image-7384 size-full\" srcset=\"https:\/\/ecclesiae.de\/blog\/wp-content\/uploads\/2019\/05\/IMG_20190510_143546-575x1024.jpg 575w, https:\/\/ecclesiae.de\/blog\/wp-content\/uploads\/2019\/05\/IMG_20190510_143546-168x300.jpg 168w, https:\/\/ecclesiae.de\/blog\/wp-content\/uploads\/2019\/05\/IMG_20190510_143546-768x1368.jpg 768w\" sizes=\"auto, (max-width: 575px) 100vw, 575px\" \/><\/figure><div class=\"wp-block-media-text__content\">\n<p class=\"has-text-align-center\" style=\"font-size:18px\">\u00bbVater, ich habe mich [\u2026] gegen dich vers\u00fcndigt\u00ab (<em>Lk<\/em>\u00a015,18). Diese Worte haben in der Fastenzeit eine besonders ergreifende Wirkung, da es die Zeit ist, in der die kirchliche Gemeinschaft zu tiefer Bekehrung aufgerufen ist. Wenn die S\u00fcnde den Menschen gegen\u00fcber Gott verschlie\u00dft, so \u00f6ffnet hingegen das aufrichtige Bekenntnis der S\u00fcnden das Gewissen wieder f\u00fcr das regenerierende Wirken der g\u00f6ttlichen Gnade.<\/p>\n<\/div><\/div>\n\n\n\n<p class=\"has-text-align-center\">Tats\u00e4chlich findet der Mensch nicht wieder zur Freundschaft mit Gott, solange nicht von seinen Lippen und aus seinem Herzen die Worte kommen: \u00bbVater, ich habe ges\u00fcndigt.\u00ab Dieses Bem\u00fchen erh\u00e4lt dann Wirksamkeit durch die Heilsbegegnung, die durch den Tod und die Auferstehung Christi stattfindet. Im \u00f6sterlichen Geheimnis, Herz der Kirche, erf\u00e4hrt der B\u00fc\u00dfende das Geschenk der Vergebung seiner Schuld und die Freude der Wiedergeburt zu unsterblichem Leben.\u00a0<\/p>\n\n\n\n<p class=\"has-text-align-center\">Fortsetzung folgt &#8230;<\/p>\n\n\n\n<p class=\"has-text-align-center\">(Papst Johannes Paul am 17. Februar 1999)<\/p>\n","protected":false},"excerpt":{"rendered":"<p>\u00bbVater, ich habe mich [\u2026] gegen dich vers\u00fcndigt\u00ab (Lk\u00a015,18). Diese Worte haben in der Fastenzeit eine besonders ergreifende Wirkung, da es die Zeit ist, in der die kirchliche Gemeinschaft zu tiefer Bekehrung aufgerufen ist. Wenn die S\u00fcnde den Menschen gegen\u00fcber &hellip; <a href=\"https:\/\/ecclesiae.de\/blog\/?p=8928\">Weiterlesen <span class=\"meta-nav\">&rarr;<\/span><\/a><\/p>\n","protected":false},"author":3,"featured_media":0,"comment_status":"open","ping_status":"closed","sticky":false,"template":"","format":"standard","meta":{"footnotes":""},"categories":[1],"tags":[],"class_list":["post-8928","post","type-post","status-publish","format-standard","hentry","category-uncategorized"],"_links":{"self":[{"href":"https:\/\/ecclesiae.de\/blog\/index.php?rest_route=\/wp\/v2\/posts\/8928","targetHints":{"allow":["GET"]}}],"collection":[{"href":"https:\/\/ecclesiae.de\/blog\/index.php?rest_route=\/wp\/v2\/posts"}],"about":[{"href":"https:\/\/ecclesiae.de\/blog\/index.php?rest_route=\/wp\/v2\/types\/post"}],"author":[{"embeddable":true,"href":"https:\/\/ecclesiae.de\/blog\/index.php?rest_route=\/wp\/v2\/users\/3"}],"replies":[{"embeddable":true,"href":"https:\/\/ecclesiae.de\/blog\/index.php?rest_route=%2Fwp%2Fv2%2Fcomments&post=8928"}],"version-history":[{"count":1,"href":"https:\/\/ecclesiae.de\/blog\/index.php?rest_route=\/wp\/v2\/posts\/8928\/revisions"}],"predecessor-version":[{"id":8929,"href":"https:\/\/ecclesiae.de\/blog\/index.php?rest_route=\/wp\/v2\/posts\/8928\/revisions\/8929"}],"wp:attachment":[{"href":"https:\/\/ecclesiae.de\/blog\/index.php?rest_route=%2Fwp%2Fv2%2Fmedia&parent=8928"}],"wp:term":[{"taxonomy":"category","embeddable":true,"href":"https:\/\/ecclesiae.de\/blog\/index.php?rest_route=%2Fwp%2Fv2%2Fcategories&post=8928"},{"taxonomy":"post_tag","embeddable":true,"href":"https:\/\/ecclesiae.de\/blog\/index.php?rest_route=%2Fwp%2Fv2%2Ftags&post=8928"}],"curies":[{"name":"wp","href":"https:\/\/api.w.org\/{rel}","templated":true}]}}