{"id":8956,"date":"2021-03-02T00:01:00","date_gmt":"2021-03-02T00:01:00","guid":{"rendered":"http:\/\/ecclesiae.de\/blog\/?p=8956"},"modified":"2021-01-05T14:51:53","modified_gmt":"2021-01-05T14:51:53","slug":"02-maerz-worte-vom-hl-papst-johannes-paul-ii","status":"publish","type":"post","link":"https:\/\/ecclesiae.de\/blog\/?p=8956","title":{"rendered":"02. M\u00e4rz &#8211; Worte vom hl. Papst Johannes Paul II."},"content":{"rendered":"\n<div class=\"wp-block-media-text alignwide is-stacked-on-mobile\"><figure class=\"wp-block-media-text__media\"><img loading=\"lazy\" decoding=\"async\" width=\"617\" height=\"1024\" src=\"https:\/\/ecclesiae.de\/blog\/wp-content\/uploads\/2017\/05\/39-001-e1495442070127-617x1024.jpg\" alt=\"\" class=\"wp-image-5623 size-full\" srcset=\"https:\/\/ecclesiae.de\/blog\/wp-content\/uploads\/2017\/05\/39-001-e1495442070127-617x1024.jpg 617w, https:\/\/ecclesiae.de\/blog\/wp-content\/uploads\/2017\/05\/39-001-e1495442070127-181x300.jpg 181w, https:\/\/ecclesiae.de\/blog\/wp-content\/uploads\/2017\/05\/39-001-e1495442070127.jpg 720w\" sizes=\"auto, (max-width: 617px) 100vw, 617px\" \/><\/figure><div class=\"wp-block-media-text__content\">\n<p class=\"has-text-align-center\" style=\"font-size:18px\">\u00bbGepriesen sei der Gott und Vater unseres Herrn Jesus Christus\u00ab (<em>Eph<\/em>\u00a01,3). Diese Worte des Apostels Paulus geben uns eine gute Einf\u00fchrung in die bedeutende Neuartigkeit der Kenntnis des Vaters, wie sie aus dem Neuen Testament hervorgeht. Hier erscheint Gott in seiner dreifaltigen Gestalt. Seine Vaterschaft beschr\u00e4nkt sich nicht mehr darauf, das Verh\u00e4ltnis zu den Gesch\u00f6pfen zu zeigen, sondern bringt die grundlegende Beziehung zum Ausdruck, die sein inneres Leben kennzeichnet.<\/p>\n<\/div><\/div>\n\n\n\n<p class=\"has-text-align-center\" style=\"font-size:18px\">Es handelt sich nicht mehr um einen allgemeinen Wesenszug Gottes, sondern um eine Eigenschaft der ersten g\u00f6ttlichen Person. In seinem Geheimnis der Dreifaltigkeit ist Gott n\u00e4mlich Vater seinem Wesen nach, er ist seit ewigen Zeiten Vater, da er seit ewigen Zeiten das Wort zeugt \u2013 eines Wesens mit ihm und im Heiligen Geist, \u00bbder aus dem Vater und dem Sohn hervorgeht\u00ab, mit ihm verbunden. Durch seine erl\u00f6sende Menschwerdung wird das Wort mit uns solidarisch, gerade um uns in dieses Kindschaftsverh\u00e4ltnis einzuf\u00fchren, das er seit aller Ewigkeit besitzt. \u00bbAllen aber, die ihn aufnahmen \u2013 schreibt der Evangelist Johannes \u2013, gab er Macht, Kinder Gottes zu werden\u00ab (<em>Joh<\/em>\u00a01,12).<br>Fortsetzung folgt \u2026<\/p>\n\n\n\n<p class=\"has-text-align-center\">(Papst Johannes Paul II. am 03.03.1999)<\/p>\n","protected":false},"excerpt":{"rendered":"<p>\u00bbGepriesen sei der Gott und Vater unseres Herrn Jesus Christus\u00ab (Eph\u00a01,3). Diese Worte des Apostels Paulus geben uns eine gute Einf\u00fchrung in die bedeutende Neuartigkeit der Kenntnis des Vaters, wie sie aus dem Neuen Testament hervorgeht. Hier erscheint Gott in &hellip; <a href=\"https:\/\/ecclesiae.de\/blog\/?p=8956\">Weiterlesen <span class=\"meta-nav\">&rarr;<\/span><\/a><\/p>\n","protected":false},"author":3,"featured_media":0,"comment_status":"open","ping_status":"closed","sticky":false,"template":"","format":"standard","meta":{"footnotes":""},"categories":[1],"tags":[],"class_list":["post-8956","post","type-post","status-publish","format-standard","hentry","category-uncategorized"],"_links":{"self":[{"href":"https:\/\/ecclesiae.de\/blog\/index.php?rest_route=\/wp\/v2\/posts\/8956","targetHints":{"allow":["GET"]}}],"collection":[{"href":"https:\/\/ecclesiae.de\/blog\/index.php?rest_route=\/wp\/v2\/posts"}],"about":[{"href":"https:\/\/ecclesiae.de\/blog\/index.php?rest_route=\/wp\/v2\/types\/post"}],"author":[{"embeddable":true,"href":"https:\/\/ecclesiae.de\/blog\/index.php?rest_route=\/wp\/v2\/users\/3"}],"replies":[{"embeddable":true,"href":"https:\/\/ecclesiae.de\/blog\/index.php?rest_route=%2Fwp%2Fv2%2Fcomments&post=8956"}],"version-history":[{"count":1,"href":"https:\/\/ecclesiae.de\/blog\/index.php?rest_route=\/wp\/v2\/posts\/8956\/revisions"}],"predecessor-version":[{"id":8957,"href":"https:\/\/ecclesiae.de\/blog\/index.php?rest_route=\/wp\/v2\/posts\/8956\/revisions\/8957"}],"wp:attachment":[{"href":"https:\/\/ecclesiae.de\/blog\/index.php?rest_route=%2Fwp%2Fv2%2Fmedia&parent=8956"}],"wp:term":[{"taxonomy":"category","embeddable":true,"href":"https:\/\/ecclesiae.de\/blog\/index.php?rest_route=%2Fwp%2Fv2%2Fcategories&post=8956"},{"taxonomy":"post_tag","embeddable":true,"href":"https:\/\/ecclesiae.de\/blog\/index.php?rest_route=%2Fwp%2Fv2%2Ftags&post=8956"}],"curies":[{"name":"wp","href":"https:\/\/api.w.org\/{rel}","templated":true}]}}