{"id":8964,"date":"2021-03-06T00:01:00","date_gmt":"2021-03-06T00:01:00","guid":{"rendered":"http:\/\/ecclesiae.de\/blog\/?p=8964"},"modified":"2021-01-05T15:03:35","modified_gmt":"2021-01-05T15:03:35","slug":"06-maerz-worte-vom-hl-papst-johannes-paul-ii","status":"publish","type":"post","link":"https:\/\/ecclesiae.de\/blog\/?p=8964","title":{"rendered":"06. M\u00e4rz &#8211; Worte vom hl. Papst Johannes Paul II."},"content":{"rendered":"\n<div class=\"wp-block-media-text alignwide is-stacked-on-mobile\"><figure class=\"wp-block-media-text__media\"><img loading=\"lazy\" decoding=\"async\" width=\"1024\" height=\"498\" src=\"https:\/\/ecclesiae.de\/blog\/wp-content\/uploads\/2019\/07\/20190621_150440-1024x498.jpg\" alt=\"\" class=\"wp-image-7526 size-full\" srcset=\"https:\/\/ecclesiae.de\/blog\/wp-content\/uploads\/2019\/07\/20190621_150440-1024x498.jpg 1024w, https:\/\/ecclesiae.de\/blog\/wp-content\/uploads\/2019\/07\/20190621_150440-300x146.jpg 300w, https:\/\/ecclesiae.de\/blog\/wp-content\/uploads\/2019\/07\/20190621_150440-768x373.jpg 768w, https:\/\/ecclesiae.de\/blog\/wp-content\/uploads\/2019\/07\/20190621_150440-500x243.jpg 500w\" sizes=\"auto, (max-width: 1024px) 100vw, 1024px\" \/><\/figure><div class=\"wp-block-media-text__content\">\n<p class=\"has-text-align-center\">Fortsetzung<\/p>\n\n\n\n<p class=\"has-text-align-center\">Obwohl er sich auf innigste Weise mit dem Vater verbunden f\u00fchlte, beteuerte Jesus seine Unkenntnis \u00fcber die Stunde des endg\u00fcltigen und entscheidenden Anbruchs des Reiches Gottes: \u00bbDoch jenen Tag und jene Stunde kennt niemand, auch nicht die Engel im Himmel, nicht einmal der Sohn, sondern nur der Vater\u00ab (<em>Mt<\/em>\u00a024,36). <\/p>\n<\/div><\/div>\n\n\n\n<p class=\"has-text-align-center\">Dieser Aspekt zeigt uns Jesus im Zustand der Erniedrigung durch die Menschwerdung, die seiner Menschlichkeit das eschatologische Ende der Welt verbirgt. Auf diese Weise nimmt Jesus den menschlichen Berechnungen ihre Illusion, um uns zur Wachsamkeit und zum Vertrauen in das f\u00fcrsorgliche Wirken des Vaters aufzufordern. In der Perspektive der Evangelien werden allerdings die Vertrautheit und Absolutheit seines \u00bbSohn-Seins\u00ab von diesem Nicht-Wissen in keiner Weise beeintr\u00e4chtigt. Im Gegenteil: Gerade die Tatsache, so solidarisch mit uns geworden zu sein, bringt es mit sich, dass er f\u00fcr uns vor dem Vater eine entscheidende Rolle spielt: \u00bbWer sich nun vor den Menschen zu mir bekennt, zu dem werde auch ich mich vor meinem Vater im Himmel bekennen. Wer mich aber vor den Menschen verleugnet, den werde auch ich vor meinem Vater im Himmel verleugnen\u00ab (<em>Mt<\/em>\u00a010,32\u201333).\u00a0<\/p>\n\n\n\n<p class=\"has-text-align-center\">Sich vor den Menschen zu Jesus zu bekennen ist unabdingbar, damit er sich vor dem Vater auch zu uns bekennt. Mit anderen Worten: Unser Kindschaftsverh\u00e4ltnis zum himmlischen Vater h\u00e4ngt ab von unserer mutigen Treue zu Jesus Christus, dem geliebten Sohn.&nbsp;<\/p>\n\n\n\n<p class=\"has-text-align-center\">Fortsetzung folgt \u2026<\/p>\n\n\n\n<p class=\"has-text-align-center\">(Papst Johannes Paul II. am 03.03.1999)<\/p>\n","protected":false},"excerpt":{"rendered":"<p>Fortsetzung Obwohl er sich auf innigste Weise mit dem Vater verbunden f\u00fchlte, beteuerte Jesus seine Unkenntnis \u00fcber die Stunde des endg\u00fcltigen und entscheidenden Anbruchs des Reiches Gottes: \u00bbDoch jenen Tag und jene Stunde kennt niemand, auch nicht die Engel im &hellip; <a href=\"https:\/\/ecclesiae.de\/blog\/?p=8964\">Weiterlesen <span class=\"meta-nav\">&rarr;<\/span><\/a><\/p>\n","protected":false},"author":3,"featured_media":0,"comment_status":"open","ping_status":"closed","sticky":false,"template":"","format":"standard","meta":{"footnotes":""},"categories":[1],"tags":[],"class_list":["post-8964","post","type-post","status-publish","format-standard","hentry","category-uncategorized"],"_links":{"self":[{"href":"https:\/\/ecclesiae.de\/blog\/index.php?rest_route=\/wp\/v2\/posts\/8964","targetHints":{"allow":["GET"]}}],"collection":[{"href":"https:\/\/ecclesiae.de\/blog\/index.php?rest_route=\/wp\/v2\/posts"}],"about":[{"href":"https:\/\/ecclesiae.de\/blog\/index.php?rest_route=\/wp\/v2\/types\/post"}],"author":[{"embeddable":true,"href":"https:\/\/ecclesiae.de\/blog\/index.php?rest_route=\/wp\/v2\/users\/3"}],"replies":[{"embeddable":true,"href":"https:\/\/ecclesiae.de\/blog\/index.php?rest_route=%2Fwp%2Fv2%2Fcomments&post=8964"}],"version-history":[{"count":1,"href":"https:\/\/ecclesiae.de\/blog\/index.php?rest_route=\/wp\/v2\/posts\/8964\/revisions"}],"predecessor-version":[{"id":8965,"href":"https:\/\/ecclesiae.de\/blog\/index.php?rest_route=\/wp\/v2\/posts\/8964\/revisions\/8965"}],"wp:attachment":[{"href":"https:\/\/ecclesiae.de\/blog\/index.php?rest_route=%2Fwp%2Fv2%2Fmedia&parent=8964"}],"wp:term":[{"taxonomy":"category","embeddable":true,"href":"https:\/\/ecclesiae.de\/blog\/index.php?rest_route=%2Fwp%2Fv2%2Fcategories&post=8964"},{"taxonomy":"post_tag","embeddable":true,"href":"https:\/\/ecclesiae.de\/blog\/index.php?rest_route=%2Fwp%2Fv2%2Ftags&post=8964"}],"curies":[{"name":"wp","href":"https:\/\/api.w.org\/{rel}","templated":true}]}}