{"id":8966,"date":"2021-03-07T00:03:00","date_gmt":"2021-03-07T00:03:00","guid":{"rendered":"http:\/\/ecclesiae.de\/blog\/?p=8966"},"modified":"2021-01-05T15:05:20","modified_gmt":"2021-01-05T15:05:20","slug":"07-maerz-worte-vom-hl-papst-johannes-paul-ii","status":"publish","type":"post","link":"https:\/\/ecclesiae.de\/blog\/?p=8966","title":{"rendered":"07. M\u00e4rz &#8211; Worte vom hl. Papst Johannes Paul II."},"content":{"rendered":"\n<div class=\"wp-block-media-text alignwide is-stacked-on-mobile\"><figure class=\"wp-block-media-text__media\"><img loading=\"lazy\" decoding=\"async\" width=\"1024\" height=\"498\" src=\"https:\/\/ecclesiae.de\/blog\/wp-content\/uploads\/2020\/09\/w6-1024x498.jpg\" alt=\"\" class=\"wp-image-8732 size-full\" srcset=\"https:\/\/ecclesiae.de\/blog\/wp-content\/uploads\/2020\/09\/w6-1024x498.jpg 1024w, https:\/\/ecclesiae.de\/blog\/wp-content\/uploads\/2020\/09\/w6-300x146.jpg 300w, https:\/\/ecclesiae.de\/blog\/wp-content\/uploads\/2020\/09\/w6-768x373.jpg 768w, https:\/\/ecclesiae.de\/blog\/wp-content\/uploads\/2020\/09\/w6-1536x747.jpg 1536w, https:\/\/ecclesiae.de\/blog\/wp-content\/uploads\/2020\/09\/w6-2048x996.jpg 2048w, https:\/\/ecclesiae.de\/blog\/wp-content\/uploads\/2020\/09\/w6-500x243.jpg 500w\" sizes=\"auto, (max-width: 1024px) 100vw, 1024px\" \/><\/figure><div class=\"wp-block-media-text__content\">\n<p class=\"has-text-align-center\">Fortsetzung<br>Gott der Vater ist das gro\u00dfe Thema, dem wir die Katechesen dieses Jahres widmen. Wenn wir von Gott als Vater reden, dann ist damit nicht nur sein Verh\u00e4ltnis zur Sch\u00f6pfung gemeint. Denn unser Blick richtet sich auch auf Jesus, und &#8211; im Licht Christi &#8211; auf uns.<\/p>\n<\/div><\/div>\n\n\n\n<p>Die Beziehung Jesu zum Vater ist einzigartig. Das bezeugen die Evangelien auf Schritt und Tritt, wenn sie den Lebensweg Jesu auf dieser Erde nachzeichnen. Besonders f\u00e4llt die Anrede auf, mit der Jesus sich an seinen Vater wendet. Er nennt ihn: &#8222;Abba&#8220;, &#8222;lieber Vater&#8220;! Das ist mehr als eine Formel. Hier klingt die Z\u00e4rtlichkeit an, mit der ein Sohn sich seinem Vater anvertraut. Selbst im tiefsten menschlichen Leid, angenagelt am Kreuz, bleibt Gott f\u00fcr Jesus der &#8222;Abba&#8220;, der &#8222;gute Vater&#8220;.<\/p>\n\n\n\n<p class=\"has-text-align-center\">Durch die Menschwerdung des Sohnes haben wir die M\u00f6glichkeit, S\u00f6hne im Sohn zu werden. Diese W\u00fcrde ist Verpflichtung. Wir sind berufen, uns vor den Menschen zu Jesus als Sohn Gottes zu bekennen. Dann wird sich auch der Sohn beim Vater zu uns bekennen (vgl.&nbsp;<em>Mt<\/em>&nbsp;10, 32f.).<\/p>\n\n\n\n<p class=\"has-text-align-center\">(Papst Johannes Paul II. am 03.03.1999)<\/p>\n","protected":false},"excerpt":{"rendered":"<p>FortsetzungGott der Vater ist das gro\u00dfe Thema, dem wir die Katechesen dieses Jahres widmen. Wenn wir von Gott als Vater reden, dann ist damit nicht nur sein Verh\u00e4ltnis zur Sch\u00f6pfung gemeint. Denn unser Blick richtet sich auch auf Jesus, und &hellip; <a href=\"https:\/\/ecclesiae.de\/blog\/?p=8966\">Weiterlesen <span class=\"meta-nav\">&rarr;<\/span><\/a><\/p>\n","protected":false},"author":3,"featured_media":0,"comment_status":"open","ping_status":"closed","sticky":false,"template":"","format":"standard","meta":{"footnotes":""},"categories":[1],"tags":[],"class_list":["post-8966","post","type-post","status-publish","format-standard","hentry","category-uncategorized"],"_links":{"self":[{"href":"https:\/\/ecclesiae.de\/blog\/index.php?rest_route=\/wp\/v2\/posts\/8966","targetHints":{"allow":["GET"]}}],"collection":[{"href":"https:\/\/ecclesiae.de\/blog\/index.php?rest_route=\/wp\/v2\/posts"}],"about":[{"href":"https:\/\/ecclesiae.de\/blog\/index.php?rest_route=\/wp\/v2\/types\/post"}],"author":[{"embeddable":true,"href":"https:\/\/ecclesiae.de\/blog\/index.php?rest_route=\/wp\/v2\/users\/3"}],"replies":[{"embeddable":true,"href":"https:\/\/ecclesiae.de\/blog\/index.php?rest_route=%2Fwp%2Fv2%2Fcomments&post=8966"}],"version-history":[{"count":1,"href":"https:\/\/ecclesiae.de\/blog\/index.php?rest_route=\/wp\/v2\/posts\/8966\/revisions"}],"predecessor-version":[{"id":8967,"href":"https:\/\/ecclesiae.de\/blog\/index.php?rest_route=\/wp\/v2\/posts\/8966\/revisions\/8967"}],"wp:attachment":[{"href":"https:\/\/ecclesiae.de\/blog\/index.php?rest_route=%2Fwp%2Fv2%2Fmedia&parent=8966"}],"wp:term":[{"taxonomy":"category","embeddable":true,"href":"https:\/\/ecclesiae.de\/blog\/index.php?rest_route=%2Fwp%2Fv2%2Fcategories&post=8966"},{"taxonomy":"post_tag","embeddable":true,"href":"https:\/\/ecclesiae.de\/blog\/index.php?rest_route=%2Fwp%2Fv2%2Ftags&post=8966"}],"curies":[{"name":"wp","href":"https:\/\/api.w.org\/{rel}","templated":true}]}}