{"id":8968,"date":"2021-03-08T00:01:00","date_gmt":"2021-03-08T00:01:00","guid":{"rendered":"http:\/\/ecclesiae.de\/blog\/?p=8968"},"modified":"2021-01-05T15:07:02","modified_gmt":"2021-01-05T15:07:02","slug":"08-maerz-worte-vom-hl-papst-johannes-paul-ii","status":"publish","type":"post","link":"https:\/\/ecclesiae.de\/blog\/?p=8968","title":{"rendered":"08. M\u00e4rz &#8211; Worte vom hl. Papst Johannes Paul II."},"content":{"rendered":"\n<div class=\"wp-block-media-text alignwide is-stacked-on-mobile\"><figure class=\"wp-block-media-text__media\"><img loading=\"lazy\" decoding=\"async\" width=\"498\" height=\"1024\" src=\"https:\/\/ecclesiae.de\/blog\/wp-content\/uploads\/2019\/07\/20190602_074146-e1562515328780-498x1024.jpg\" alt=\"\" class=\"wp-image-7519 size-full\" srcset=\"https:\/\/ecclesiae.de\/blog\/wp-content\/uploads\/2019\/07\/20190602_074146-e1562515328780-498x1024.jpg 498w, https:\/\/ecclesiae.de\/blog\/wp-content\/uploads\/2019\/07\/20190602_074146-e1562515328780-146x300.jpg 146w, https:\/\/ecclesiae.de\/blog\/wp-content\/uploads\/2019\/07\/20190602_074146-e1562515328780-768x1580.jpg 768w, https:\/\/ecclesiae.de\/blog\/wp-content\/uploads\/2019\/07\/20190602_074146-e1562515328780.jpg 1960w\" sizes=\"auto, (max-width: 498px) 100vw, 498px\" \/><\/figure><div class=\"wp-block-media-text__content\">\n<p class=\"has-text-align-center\">Wie wir in der vorausgegangenen Katechese gesehen haben, unterh\u00e4lt Jesus mit seinen Worten und seinen Werken eine ganz besondere Beziehung zu \u00bbseinem\u00ab Vater. Das Johannesevangelium hebt hervor, dass das, was er den Menschen mitteilt, Frucht dieser innigen und einzigartigen Verbindung ist: \u00bbIch und der Vater sind eins\u00ab (<em>Joh<\/em>&nbsp;10,30). Und weiter: \u00bbAlles, was der Vater hat, ist mein\u00ab (<em>Joh<\/em>&nbsp;16,15). Es besteht eine Gegenseitigkeit zwischen dem Vater und dem Sohn darin, wie sie einander kennen (vgl.&nbsp;<em>Joh<\/em>&nbsp;10,15), wie sie ineinander sind (vgl.&nbsp;<em>Joh<\/em>&nbsp;14,10), darin, was sie tun (vgl.&nbsp;<em>Joh<\/em>&nbsp;5,19; 10,38) und was sie besitzen: \u00bbAlles, was mein ist, ist dein, und was dein ist, ist mein\u00ab (<em>Joh<\/em>&nbsp;17,10). Es ist ein gegenseitiger Tausch, der seinen vollen Ausdruck in der Herrlichkeit findet, die Jesus vom Vater im h\u00f6chsten Geheimnis des Todes und der Auferstehung empf\u00e4ngt, nachdem er selbst sie dem Vater w\u00e4hrend seines Erdendaseins verschafft hat: \u00bbVater, die Stunde ist da. Verherrliche deinen Sohn, damit der Sohn dich verherrlicht [\u2026] Ich habe dich auf der Erde verherrlicht [\u2026] Vater, verherrliche du mich jetzt bei dir\u00ab (<em>Joh<\/em>&nbsp;17,1-4f.).&nbsp;<\/p>\n\n\n\n<p class=\"has-text-align-center\">Fortsetzung folgt \u2026<\/p>\n\n\n\n<p class=\"has-text-align-center\">(Papst Johannes Paul II. am 10.03.1999)<\/p>\n<\/div><\/div>\n","protected":false},"excerpt":{"rendered":"<p>Wie wir in der vorausgegangenen Katechese gesehen haben, unterh\u00e4lt Jesus mit seinen Worten und seinen Werken eine ganz besondere Beziehung zu \u00bbseinem\u00ab Vater. Das Johannesevangelium hebt hervor, dass das, was er den Menschen mitteilt, Frucht dieser innigen und einzigartigen Verbindung &hellip; <a href=\"https:\/\/ecclesiae.de\/blog\/?p=8968\">Weiterlesen <span class=\"meta-nav\">&rarr;<\/span><\/a><\/p>\n","protected":false},"author":3,"featured_media":0,"comment_status":"open","ping_status":"closed","sticky":false,"template":"","format":"standard","meta":{"footnotes":""},"categories":[1],"tags":[],"class_list":["post-8968","post","type-post","status-publish","format-standard","hentry","category-uncategorized"],"_links":{"self":[{"href":"https:\/\/ecclesiae.de\/blog\/index.php?rest_route=\/wp\/v2\/posts\/8968","targetHints":{"allow":["GET"]}}],"collection":[{"href":"https:\/\/ecclesiae.de\/blog\/index.php?rest_route=\/wp\/v2\/posts"}],"about":[{"href":"https:\/\/ecclesiae.de\/blog\/index.php?rest_route=\/wp\/v2\/types\/post"}],"author":[{"embeddable":true,"href":"https:\/\/ecclesiae.de\/blog\/index.php?rest_route=\/wp\/v2\/users\/3"}],"replies":[{"embeddable":true,"href":"https:\/\/ecclesiae.de\/blog\/index.php?rest_route=%2Fwp%2Fv2%2Fcomments&post=8968"}],"version-history":[{"count":1,"href":"https:\/\/ecclesiae.de\/blog\/index.php?rest_route=\/wp\/v2\/posts\/8968\/revisions"}],"predecessor-version":[{"id":8969,"href":"https:\/\/ecclesiae.de\/blog\/index.php?rest_route=\/wp\/v2\/posts\/8968\/revisions\/8969"}],"wp:attachment":[{"href":"https:\/\/ecclesiae.de\/blog\/index.php?rest_route=%2Fwp%2Fv2%2Fmedia&parent=8968"}],"wp:term":[{"taxonomy":"category","embeddable":true,"href":"https:\/\/ecclesiae.de\/blog\/index.php?rest_route=%2Fwp%2Fv2%2Fcategories&post=8968"},{"taxonomy":"post_tag","embeddable":true,"href":"https:\/\/ecclesiae.de\/blog\/index.php?rest_route=%2Fwp%2Fv2%2Ftags&post=8968"}],"curies":[{"name":"wp","href":"https:\/\/api.w.org\/{rel}","templated":true}]}}