{"id":8970,"date":"2021-03-09T00:01:00","date_gmt":"2021-03-09T00:01:00","guid":{"rendered":"http:\/\/ecclesiae.de\/blog\/?p=8970"},"modified":"2021-01-05T15:08:35","modified_gmt":"2021-01-05T15:08:35","slug":"09-maerz-worte-vom-hl-papst-johannes-paul-ii","status":"publish","type":"post","link":"https:\/\/ecclesiae.de\/blog\/?p=8970","title":{"rendered":"09. M\u00e4rz &#8211; Worte vom hl. Papst Johannes Paul II."},"content":{"rendered":"\n<div class=\"wp-block-media-text alignwide is-stacked-on-mobile\"><figure class=\"wp-block-media-text__media\"><img loading=\"lazy\" decoding=\"async\" width=\"575\" height=\"1024\" src=\"https:\/\/ecclesiae.de\/blog\/wp-content\/uploads\/2017\/05\/IMG_20170419_130102-575x1024.jpg\" alt=\"\" class=\"wp-image-5538 size-full\" srcset=\"https:\/\/ecclesiae.de\/blog\/wp-content\/uploads\/2017\/05\/IMG_20170419_130102-575x1024.jpg 575w, https:\/\/ecclesiae.de\/blog\/wp-content\/uploads\/2017\/05\/IMG_20170419_130102-168x300.jpg 168w, https:\/\/ecclesiae.de\/blog\/wp-content\/uploads\/2017\/05\/IMG_20170419_130102-768x1368.jpg 768w\" sizes=\"auto, (max-width: 575px) 100vw, 575px\" \/><\/figure><div class=\"wp-block-media-text__content\">\n<p class=\"has-text-align-center\">Fortsetzung<br>Diese wesenhafte Verbindung mit dem Vater begleitet nicht nur das Tun Jesu, sondern bezeichnet sein ganzes Sein. \u00bbDie Menschwerdung des Sohnes Gottes offenbart, dass Gott der ewige Vater und dass der Sohn eines Wesens mit dem Vater ist, das hei\u00dft, dass er in ihm und mit ihm der einzige Gott ist\u00ab (<em>KKK<\/em>, 262). Der Evangelist Johannes hebt hervor, dass gerade dieser g\u00f6ttliche Anspruch zur Reaktion der religi\u00f6sen F\u00fchrer des Volkes f\u00fchrt, die es nicht ertragen, dass er Gott seinen Vater nennt und sich damit Gott gleichstellt (<em>Joh<\/em>&nbsp;5,18; vgl. 10,33; 19,7).&nbsp;<\/p>\n\n\n\n<p>Fortsetzung folgt \u2026<\/p>\n\n\n\n<p class=\"has-text-align-center\">(Papst Johannes Paul II. am 10.03.1999)<\/p>\n<\/div><\/div>\n","protected":false},"excerpt":{"rendered":"<p>FortsetzungDiese wesenhafte Verbindung mit dem Vater begleitet nicht nur das Tun Jesu, sondern bezeichnet sein ganzes Sein. \u00bbDie Menschwerdung des Sohnes Gottes offenbart, dass Gott der ewige Vater und dass der Sohn eines Wesens mit dem Vater ist, das hei\u00dft, &hellip; <a href=\"https:\/\/ecclesiae.de\/blog\/?p=8970\">Weiterlesen <span class=\"meta-nav\">&rarr;<\/span><\/a><\/p>\n","protected":false},"author":3,"featured_media":0,"comment_status":"open","ping_status":"closed","sticky":false,"template":"","format":"standard","meta":{"footnotes":""},"categories":[1],"tags":[],"class_list":["post-8970","post","type-post","status-publish","format-standard","hentry","category-uncategorized"],"_links":{"self":[{"href":"https:\/\/ecclesiae.de\/blog\/index.php?rest_route=\/wp\/v2\/posts\/8970","targetHints":{"allow":["GET"]}}],"collection":[{"href":"https:\/\/ecclesiae.de\/blog\/index.php?rest_route=\/wp\/v2\/posts"}],"about":[{"href":"https:\/\/ecclesiae.de\/blog\/index.php?rest_route=\/wp\/v2\/types\/post"}],"author":[{"embeddable":true,"href":"https:\/\/ecclesiae.de\/blog\/index.php?rest_route=\/wp\/v2\/users\/3"}],"replies":[{"embeddable":true,"href":"https:\/\/ecclesiae.de\/blog\/index.php?rest_route=%2Fwp%2Fv2%2Fcomments&post=8970"}],"version-history":[{"count":1,"href":"https:\/\/ecclesiae.de\/blog\/index.php?rest_route=\/wp\/v2\/posts\/8970\/revisions"}],"predecessor-version":[{"id":8971,"href":"https:\/\/ecclesiae.de\/blog\/index.php?rest_route=\/wp\/v2\/posts\/8970\/revisions\/8971"}],"wp:attachment":[{"href":"https:\/\/ecclesiae.de\/blog\/index.php?rest_route=%2Fwp%2Fv2%2Fmedia&parent=8970"}],"wp:term":[{"taxonomy":"category","embeddable":true,"href":"https:\/\/ecclesiae.de\/blog\/index.php?rest_route=%2Fwp%2Fv2%2Fcategories&post=8970"},{"taxonomy":"post_tag","embeddable":true,"href":"https:\/\/ecclesiae.de\/blog\/index.php?rest_route=%2Fwp%2Fv2%2Ftags&post=8970"}],"curies":[{"name":"wp","href":"https:\/\/api.w.org\/{rel}","templated":true}]}}