{"id":8976,"date":"2021-03-12T00:00:00","date_gmt":"2021-03-12T00:00:00","guid":{"rendered":"http:\/\/ecclesiae.de\/blog\/?p=8976"},"modified":"2021-01-06T14:40:06","modified_gmt":"2021-01-06T14:40:06","slug":"12-maerz-worte-vom-hl-papst-johannes-paul-ii","status":"publish","type":"post","link":"https:\/\/ecclesiae.de\/blog\/?p=8976","title":{"rendered":"12. M\u00e4rz &#8211; Worte vom hl. Papst Johannes Paul II."},"content":{"rendered":"\n<div class=\"wp-block-media-text alignwide is-stacked-on-mobile\"><figure class=\"wp-block-media-text__media\"><img loading=\"lazy\" decoding=\"async\" width=\"575\" height=\"1024\" src=\"https:\/\/ecclesiae.de\/blog\/wp-content\/uploads\/2019\/05\/IMG_20190510_143546-575x1024.jpg\" alt=\"\" class=\"wp-image-7384 size-full\" srcset=\"https:\/\/ecclesiae.de\/blog\/wp-content\/uploads\/2019\/05\/IMG_20190510_143546-575x1024.jpg 575w, https:\/\/ecclesiae.de\/blog\/wp-content\/uploads\/2019\/05\/IMG_20190510_143546-168x300.jpg 168w, https:\/\/ecclesiae.de\/blog\/wp-content\/uploads\/2019\/05\/IMG_20190510_143546-768x1368.jpg 768w\" sizes=\"auto, (max-width: 575px) 100vw, 575px\" \/><\/figure><div class=\"wp-block-media-text__content\">\n<p class=\"has-text-align-center\">Fortsetzung<\/p>\n\n\n\n<p class=\"has-text-align-center\">Die Gegenseitigkeit zwischen dem Vater und dem Sohn wird so f\u00fcr uns Glaubende zur Ursache neuen Lebens, das uns gestattet, an der F\u00fclle des g\u00f6ttlichen Lebens selbst teilzuhaben: \u00bbWer bekennt, dass Jesus der Sohn Gottes ist, in dem bleibt Gott, und er bleibt in Gott\u00ab (1&nbsp;<em>Joh<\/em>&nbsp;4,15). Die Dynamik des trinitarischen Lebens wird von den Gesch\u00f6pfen in der Weise gelebt, dass alles auf den Vater gerichtet ist durch Jesus Christus im Heiligen Geist. Und so verk\u00fcndet der Katechismus der Katholischen Kirche: \u00bbDarum steht das ganze christliche Leben in Gemeinschaft mit jeder der g\u00f6ttlichen Personen, ohne sie irgendwie zu trennen. Wer den Vater preist, tut es durch den Sohn im Heiligen Geist\u00ab (Nr. 259).&nbsp;<\/p>\n<\/div><\/div>\n\n\n\n<p class=\"has-text-align-center\">Der Sohn wurde \u00bbder Erstgeborene von vielen Br\u00fcdern\u00ab (<em>R\u00f6m<\/em>&nbsp;8,29); durch seinen Tod hat der Vater uns neu geboren (1&nbsp;<em>Petr<\/em>&nbsp;1,3; vgl. auch&nbsp;<em>R\u00f6m<\/em>&nbsp;8,32;&nbsp;<em>Eph<\/em>&nbsp;1,3), so dass wir ihn im Heiligen Geist mit demselben Ausdruck anrufen k\u00f6nnen, den Jesus gebrauchte: Abba (<em>R\u00f6m<\/em>&nbsp;8,15;&nbsp;<em>Gal<\/em>&nbsp;4,6). Paulus erl\u00e4utert dieses Geheimnis weiter und sagt, dass der Vater uns \u00bbf\u00e4hig gemacht [hat], Anteil zu haben am Los der Heiligen, die im Licht sind. Er hat uns der Macht der Finsternis entrissen und aufgenommen in das Reich seines geliebten Sohnes\u00ab (<em>Kol<\/em>&nbsp;1,12-13). Und die Offenbarung beschreibt folgenderma\u00dfen das eschatologische Los dessen, der mit Christus gegen die Macht des B\u00f6sen k\u00e4mpft und siegt: \u00bbWer siegt, der darf mit mir auf meinem Thron sitzen, so wie auch ich gesiegt habe und mich mit meinem Vater auf seinen Thron gesetzt habe\u00ab (<em>Offb&nbsp;<\/em>3,21). Dieses Versprechen Jesu er\u00f6ffnet uns eine wunderbare Aussicht auf Teilhabe an seiner himmlischen Vertrautheit mit dem Vater.<\/p>\n\n\n\n<p>Fortsetzung folgt \u2026<\/p>\n\n\n\n<p class=\"has-text-align-center\">(Papst Johannes Paul II. am 10.03.1999)<\/p>\n","protected":false},"excerpt":{"rendered":"<p>Fortsetzung Die Gegenseitigkeit zwischen dem Vater und dem Sohn wird so f\u00fcr uns Glaubende zur Ursache neuen Lebens, das uns gestattet, an der F\u00fclle des g\u00f6ttlichen Lebens selbst teilzuhaben: \u00bbWer bekennt, dass Jesus der Sohn Gottes ist, in dem bleibt &hellip; <a href=\"https:\/\/ecclesiae.de\/blog\/?p=8976\">Weiterlesen <span class=\"meta-nav\">&rarr;<\/span><\/a><\/p>\n","protected":false},"author":3,"featured_media":0,"comment_status":"open","ping_status":"closed","sticky":false,"template":"","format":"standard","meta":{"footnotes":""},"categories":[1],"tags":[],"class_list":["post-8976","post","type-post","status-publish","format-standard","hentry","category-uncategorized"],"_links":{"self":[{"href":"https:\/\/ecclesiae.de\/blog\/index.php?rest_route=\/wp\/v2\/posts\/8976","targetHints":{"allow":["GET"]}}],"collection":[{"href":"https:\/\/ecclesiae.de\/blog\/index.php?rest_route=\/wp\/v2\/posts"}],"about":[{"href":"https:\/\/ecclesiae.de\/blog\/index.php?rest_route=\/wp\/v2\/types\/post"}],"author":[{"embeddable":true,"href":"https:\/\/ecclesiae.de\/blog\/index.php?rest_route=\/wp\/v2\/users\/3"}],"replies":[{"embeddable":true,"href":"https:\/\/ecclesiae.de\/blog\/index.php?rest_route=%2Fwp%2Fv2%2Fcomments&post=8976"}],"version-history":[{"count":1,"href":"https:\/\/ecclesiae.de\/blog\/index.php?rest_route=\/wp\/v2\/posts\/8976\/revisions"}],"predecessor-version":[{"id":8977,"href":"https:\/\/ecclesiae.de\/blog\/index.php?rest_route=\/wp\/v2\/posts\/8976\/revisions\/8977"}],"wp:attachment":[{"href":"https:\/\/ecclesiae.de\/blog\/index.php?rest_route=%2Fwp%2Fv2%2Fmedia&parent=8976"}],"wp:term":[{"taxonomy":"category","embeddable":true,"href":"https:\/\/ecclesiae.de\/blog\/index.php?rest_route=%2Fwp%2Fv2%2Fcategories&post=8976"},{"taxonomy":"post_tag","embeddable":true,"href":"https:\/\/ecclesiae.de\/blog\/index.php?rest_route=%2Fwp%2Fv2%2Ftags&post=8976"}],"curies":[{"name":"wp","href":"https:\/\/api.w.org\/{rel}","templated":true}]}}