{"id":8978,"date":"2021-03-13T00:01:00","date_gmt":"2021-03-13T00:01:00","guid":{"rendered":"http:\/\/ecclesiae.de\/blog\/?p=8978"},"modified":"2021-01-06T14:42:04","modified_gmt":"2021-01-06T14:42:04","slug":"13-maerz-worte-vom-hl-papst-johannes-paul-ii","status":"publish","type":"post","link":"https:\/\/ecclesiae.de\/blog\/?p=8978","title":{"rendered":"13. M\u00e4rz &#8211; Worte vom hl. Papst Johannes Paul II."},"content":{"rendered":"\n<div class=\"wp-block-media-text alignwide is-stacked-on-mobile\"><figure class=\"wp-block-media-text__media\"><img loading=\"lazy\" decoding=\"async\" width=\"1024\" height=\"536\" src=\"https:\/\/ecclesiae.de\/blog\/wp-content\/uploads\/2019\/12\/IMG_20190910_121856_072-1024x536.jpg\" alt=\"\" class=\"wp-image-7956 size-full\" srcset=\"https:\/\/ecclesiae.de\/blog\/wp-content\/uploads\/2019\/12\/IMG_20190910_121856_072-1024x536.jpg 1024w, https:\/\/ecclesiae.de\/blog\/wp-content\/uploads\/2019\/12\/IMG_20190910_121856_072-300x157.jpg 300w, https:\/\/ecclesiae.de\/blog\/wp-content\/uploads\/2019\/12\/IMG_20190910_121856_072-768x402.jpg 768w, https:\/\/ecclesiae.de\/blog\/wp-content\/uploads\/2019\/12\/IMG_20190910_121856_072-1536x804.jpg 1536w, https:\/\/ecclesiae.de\/blog\/wp-content\/uploads\/2019\/12\/IMG_20190910_121856_072-2048x1072.jpg 2048w, https:\/\/ecclesiae.de\/blog\/wp-content\/uploads\/2019\/12\/IMG_20190910_121856_072-500x262.jpg 500w\" sizes=\"auto, (max-width: 1024px) 100vw, 1024px\" \/><\/figure><div class=\"wp-block-media-text__content\">\n<p>Fortsetzung<\/p>\n\n\n\n<p class=\"has-text-align-center\">Heute betrachten wir das Verh\u00e4ltnis Jesu mit dem Vater. In seinen Worten und Werken wird eine ganz tiefe und einzigartige Beziehung zum Vater deutlich: \u201cIch und der Vater sind eins\u201d (<em>Joh<\/em>&nbsp;10,30). \u201cAlles, was der Vater hat, ist mein\u2026\u201d (<em>Joh<\/em>&nbsp;16,15).<\/p>\n<\/div><\/div>\n\n\n\n<p class=\"has-text-align-center\">Diese wesentliche Einheit mit dem Vater ist nicht nur f\u00fcr seine irdische T\u00e4tigkeit charakteristisch, sondern auch f\u00fcr die gesamte Existenz Jesu. Die Menschwerdung des Sohnes Gottes offenbart, dass Gott der ewige Vater ist. Wenn der Sohn eines Wesens mit dem Vater ist, bedeutet das, dass er in ihm und mit ihm der einzige Gott ist.<\/p>\n\n\n\n<p class=\"has-text-align-center\">Vom Sohn ausgehend hat die Theologie dieses Mysterium der Vaterschaft Gottes vertieft und seine Konsequenzen f\u00fcr unser menschliches Leben gezogen. \u201cDas ganze christliche Leben steht in Gemeinschaft mit jeder der g\u00f6ttlichen Personen, ohne sie irgendwie zu trennen. Wer den Vater preist, tut es durch den Sohn im Heiligen Geist; wer Christus nachfolgt, tut es, weil der Vater ihn zieht und der Geist ihn bewegt.\u201d (<em>KKK<\/em>, 259)<\/p>\n\n\n\n<p class=\"has-text-align-center\">(Papst Johannes Paul II. am 10.03.1999)<\/p>\n","protected":false},"excerpt":{"rendered":"<p>Fortsetzung Heute betrachten wir das Verh\u00e4ltnis Jesu mit dem Vater. In seinen Worten und Werken wird eine ganz tiefe und einzigartige Beziehung zum Vater deutlich: \u201cIch und der Vater sind eins\u201d (Joh&nbsp;10,30). \u201cAlles, was der Vater hat, ist mein\u2026\u201d (Joh&nbsp;16,15). &hellip; <a href=\"https:\/\/ecclesiae.de\/blog\/?p=8978\">Weiterlesen <span class=\"meta-nav\">&rarr;<\/span><\/a><\/p>\n","protected":false},"author":3,"featured_media":0,"comment_status":"open","ping_status":"closed","sticky":false,"template":"","format":"standard","meta":{"footnotes":""},"categories":[1],"tags":[],"class_list":["post-8978","post","type-post","status-publish","format-standard","hentry","category-uncategorized"],"_links":{"self":[{"href":"https:\/\/ecclesiae.de\/blog\/index.php?rest_route=\/wp\/v2\/posts\/8978","targetHints":{"allow":["GET"]}}],"collection":[{"href":"https:\/\/ecclesiae.de\/blog\/index.php?rest_route=\/wp\/v2\/posts"}],"about":[{"href":"https:\/\/ecclesiae.de\/blog\/index.php?rest_route=\/wp\/v2\/types\/post"}],"author":[{"embeddable":true,"href":"https:\/\/ecclesiae.de\/blog\/index.php?rest_route=\/wp\/v2\/users\/3"}],"replies":[{"embeddable":true,"href":"https:\/\/ecclesiae.de\/blog\/index.php?rest_route=%2Fwp%2Fv2%2Fcomments&post=8978"}],"version-history":[{"count":1,"href":"https:\/\/ecclesiae.de\/blog\/index.php?rest_route=\/wp\/v2\/posts\/8978\/revisions"}],"predecessor-version":[{"id":8979,"href":"https:\/\/ecclesiae.de\/blog\/index.php?rest_route=\/wp\/v2\/posts\/8978\/revisions\/8979"}],"wp:attachment":[{"href":"https:\/\/ecclesiae.de\/blog\/index.php?rest_route=%2Fwp%2Fv2%2Fmedia&parent=8978"}],"wp:term":[{"taxonomy":"category","embeddable":true,"href":"https:\/\/ecclesiae.de\/blog\/index.php?rest_route=%2Fwp%2Fv2%2Fcategories&post=8978"},{"taxonomy":"post_tag","embeddable":true,"href":"https:\/\/ecclesiae.de\/blog\/index.php?rest_route=%2Fwp%2Fv2%2Ftags&post=8978"}],"curies":[{"name":"wp","href":"https:\/\/api.w.org\/{rel}","templated":true}]}}