{"id":8980,"date":"2021-03-14T00:01:00","date_gmt":"2021-03-14T00:01:00","guid":{"rendered":"http:\/\/ecclesiae.de\/blog\/?p=8980"},"modified":"2021-01-06T14:44:35","modified_gmt":"2021-01-06T14:44:35","slug":"14-maerz-worte-vom-hl-papst-johannes-paul-ii","status":"publish","type":"post","link":"https:\/\/ecclesiae.de\/blog\/?p=8980","title":{"rendered":"14. M\u00e4rz &#8211; Worte vom hl. Papst Johannes Paul II."},"content":{"rendered":"\n<div class=\"wp-block-media-text alignwide is-stacked-on-mobile\"><figure class=\"wp-block-media-text__media\"><img loading=\"lazy\" decoding=\"async\" width=\"498\" height=\"1024\" src=\"https:\/\/ecclesiae.de\/blog\/wp-content\/uploads\/2019\/06\/20190602_074025-e1560343038910-498x1024.jpg\" alt=\"\" class=\"wp-image-7469 size-full\" srcset=\"https:\/\/ecclesiae.de\/blog\/wp-content\/uploads\/2019\/06\/20190602_074025-e1560343038910-498x1024.jpg 498w, https:\/\/ecclesiae.de\/blog\/wp-content\/uploads\/2019\/06\/20190602_074025-e1560343038910-146x300.jpg 146w, https:\/\/ecclesiae.de\/blog\/wp-content\/uploads\/2019\/06\/20190602_074025-e1560343038910-768x1580.jpg 768w, https:\/\/ecclesiae.de\/blog\/wp-content\/uploads\/2019\/06\/20190602_074025-e1560343038910.jpg 1960w\" sizes=\"auto, (max-width: 498px) 100vw, 498px\" \/><\/figure><div class=\"wp-block-media-text__content\">\n<p class=\"has-text-align-center\" style=\"font-size:18px\">Unser Weg durch die Fastenzeit dem Osterfest entgegen geht weiter, ein Weg der Bekehrung, geleitet vom Wort Gottes, das die Schritte unseres Lebens erhellt. Die Freude der Auferstehung Christi wird in gewisser Weise vorweggenommen in der heutigen Liturgie, die mit der Aufforderung beginnt, froh zu sein: \u00bbSeid fr\u00f6hlich [\u2026], alle, die ihr traurig wart. Freut euch und trinkt euch satt an der Quelle g\u00f6ttlicher Tr\u00f6stung\u00ab<br> (<em>Messe vom Vierten Fastensonntag<\/em>, Er\u00f6ffnungsvers).<\/p>\n<\/div><\/div>\n\n\n\n<p class=\"has-text-align-center has-normal-font-size\">Gerade die Auferstehung offenbart den wahren Wert des Kreuzes, auf das wir in dieser Fastenzeit zugehen. Es ist nicht Zeichen des Todes, sondern des Lebens; nicht der Entt\u00e4uschung, sondern der Hoffnung; nicht der Niederlage, sondern des Sieges. Ja, das Kreuz Christi ist \u2013 wie es in einem alten liturgischen Hymnus hei\u00dft \u2013 die \u00bbeinzige Hoffnung\u00ab, denn jedes andere Heilsversprechen ist tr\u00fcgerisch, da sie das Grundproblem des Menschen nicht l\u00f6st: das Problem des B\u00f6sen und des Todes.<\/p>\n\n\n\n<p class=\"has-text-align-center\">(Papst Johannes Paul II. am 14.03.1999)<\/p>\n","protected":false},"excerpt":{"rendered":"<p>Unser Weg durch die Fastenzeit dem Osterfest entgegen geht weiter, ein Weg der Bekehrung, geleitet vom Wort Gottes, das die Schritte unseres Lebens erhellt. Die Freude der Auferstehung Christi wird in gewisser Weise vorweggenommen in der heutigen Liturgie, die mit &hellip; <a href=\"https:\/\/ecclesiae.de\/blog\/?p=8980\">Weiterlesen <span class=\"meta-nav\">&rarr;<\/span><\/a><\/p>\n","protected":false},"author":3,"featured_media":0,"comment_status":"open","ping_status":"closed","sticky":false,"template":"","format":"standard","meta":{"footnotes":""},"categories":[1],"tags":[],"class_list":["post-8980","post","type-post","status-publish","format-standard","hentry","category-uncategorized"],"_links":{"self":[{"href":"https:\/\/ecclesiae.de\/blog\/index.php?rest_route=\/wp\/v2\/posts\/8980","targetHints":{"allow":["GET"]}}],"collection":[{"href":"https:\/\/ecclesiae.de\/blog\/index.php?rest_route=\/wp\/v2\/posts"}],"about":[{"href":"https:\/\/ecclesiae.de\/blog\/index.php?rest_route=\/wp\/v2\/types\/post"}],"author":[{"embeddable":true,"href":"https:\/\/ecclesiae.de\/blog\/index.php?rest_route=\/wp\/v2\/users\/3"}],"replies":[{"embeddable":true,"href":"https:\/\/ecclesiae.de\/blog\/index.php?rest_route=%2Fwp%2Fv2%2Fcomments&post=8980"}],"version-history":[{"count":2,"href":"https:\/\/ecclesiae.de\/blog\/index.php?rest_route=\/wp\/v2\/posts\/8980\/revisions"}],"predecessor-version":[{"id":8983,"href":"https:\/\/ecclesiae.de\/blog\/index.php?rest_route=\/wp\/v2\/posts\/8980\/revisions\/8983"}],"wp:attachment":[{"href":"https:\/\/ecclesiae.de\/blog\/index.php?rest_route=%2Fwp%2Fv2%2Fmedia&parent=8980"}],"wp:term":[{"taxonomy":"category","embeddable":true,"href":"https:\/\/ecclesiae.de\/blog\/index.php?rest_route=%2Fwp%2Fv2%2Fcategories&post=8980"},{"taxonomy":"post_tag","embeddable":true,"href":"https:\/\/ecclesiae.de\/blog\/index.php?rest_route=%2Fwp%2Fv2%2Ftags&post=8980"}],"curies":[{"name":"wp","href":"https:\/\/api.w.org\/{rel}","templated":true}]}}