{"id":8992,"date":"2021-03-19T00:01:00","date_gmt":"2021-03-19T00:01:00","guid":{"rendered":"http:\/\/ecclesiae.de\/blog\/?p=8992"},"modified":"2021-01-06T14:57:54","modified_gmt":"2021-01-06T14:57:54","slug":"19-maerz-worte-vom-hl-papst-johannes-paul-ii","status":"publish","type":"post","link":"https:\/\/ecclesiae.de\/blog\/?p=8992","title":{"rendered":"19. M\u00e4rz &#8211; Worte vom hl. Papst Johannes Paul II."},"content":{"rendered":"\n<div class=\"wp-block-media-text alignwide is-stacked-on-mobile\"><figure class=\"wp-block-media-text__media\"><img loading=\"lazy\" decoding=\"async\" width=\"1024\" height=\"485\" src=\"https:\/\/ecclesiae.de\/blog\/wp-content\/uploads\/2020\/06\/ecc-5-1024x485.jpg\" alt=\"\" class=\"wp-image-8554 size-full\" srcset=\"https:\/\/ecclesiae.de\/blog\/wp-content\/uploads\/2020\/06\/ecc-5-1024x485.jpg 1024w, https:\/\/ecclesiae.de\/blog\/wp-content\/uploads\/2020\/06\/ecc-5-300x142.jpg 300w, https:\/\/ecclesiae.de\/blog\/wp-content\/uploads\/2020\/06\/ecc-5-768x363.jpg 768w, https:\/\/ecclesiae.de\/blog\/wp-content\/uploads\/2020\/06\/ecc-5-500x237.jpg 500w, https:\/\/ecclesiae.de\/blog\/wp-content\/uploads\/2020\/06\/ecc-5.jpg 1528w\" sizes=\"auto, (max-width: 1024px) 100vw, 1024px\" \/><\/figure><div class=\"wp-block-media-text__content\">\n<p>Fortsetzung<\/p>\n\n\n\n<p class=\"has-text-align-center\">Gott ist einer, und er ist Vater von allen, und allen will er das durch seinen Sohn bewirkte Heil bieten: das, was das Johannesevangelium Geschenk des ewigen Lebens nennt. Dieses Geschenk muss angenommen und mitgeteilt werden auf der Welle jener Erkenntlichkeit, die Paulus im zweiten Brief an die Thessalonicher sagen lie\u00df: \u00bbWir m\u00fcssen Gott zu jeder Zeit euretwegen danken, vom Herrn geliebte Br\u00fcder, weil Gott euch als Erstlingsgabe dazu auserw\u00e4hlt hat, aufgrund der Heiligung durch den Geist und aufgrund eures Glaubens an die Wahrheit gerettet zu werden\u00ab (2&nbsp;<em>Thess<\/em>&nbsp;2,13).<\/p>\n\n\n\n<p class=\"has-text-align-center\">(Papst Johannes Paul II. am 17.03.1999)<\/p>\n<\/div><\/div>\n","protected":false},"excerpt":{"rendered":"<p>Fortsetzung Gott ist einer, und er ist Vater von allen, und allen will er das durch seinen Sohn bewirkte Heil bieten: das, was das Johannesevangelium Geschenk des ewigen Lebens nennt. Dieses Geschenk muss angenommen und mitgeteilt werden auf der Welle &hellip; <a href=\"https:\/\/ecclesiae.de\/blog\/?p=8992\">Weiterlesen <span class=\"meta-nav\">&rarr;<\/span><\/a><\/p>\n","protected":false},"author":3,"featured_media":0,"comment_status":"open","ping_status":"closed","sticky":false,"template":"","format":"standard","meta":{"footnotes":""},"categories":[1],"tags":[],"class_list":["post-8992","post","type-post","status-publish","format-standard","hentry","category-uncategorized"],"_links":{"self":[{"href":"https:\/\/ecclesiae.de\/blog\/index.php?rest_route=\/wp\/v2\/posts\/8992","targetHints":{"allow":["GET"]}}],"collection":[{"href":"https:\/\/ecclesiae.de\/blog\/index.php?rest_route=\/wp\/v2\/posts"}],"about":[{"href":"https:\/\/ecclesiae.de\/blog\/index.php?rest_route=\/wp\/v2\/types\/post"}],"author":[{"embeddable":true,"href":"https:\/\/ecclesiae.de\/blog\/index.php?rest_route=\/wp\/v2\/users\/3"}],"replies":[{"embeddable":true,"href":"https:\/\/ecclesiae.de\/blog\/index.php?rest_route=%2Fwp%2Fv2%2Fcomments&post=8992"}],"version-history":[{"count":1,"href":"https:\/\/ecclesiae.de\/blog\/index.php?rest_route=\/wp\/v2\/posts\/8992\/revisions"}],"predecessor-version":[{"id":8993,"href":"https:\/\/ecclesiae.de\/blog\/index.php?rest_route=\/wp\/v2\/posts\/8992\/revisions\/8993"}],"wp:attachment":[{"href":"https:\/\/ecclesiae.de\/blog\/index.php?rest_route=%2Fwp%2Fv2%2Fmedia&parent=8992"}],"wp:term":[{"taxonomy":"category","embeddable":true,"href":"https:\/\/ecclesiae.de\/blog\/index.php?rest_route=%2Fwp%2Fv2%2Fcategories&post=8992"},{"taxonomy":"post_tag","embeddable":true,"href":"https:\/\/ecclesiae.de\/blog\/index.php?rest_route=%2Fwp%2Fv2%2Ftags&post=8992"}],"curies":[{"name":"wp","href":"https:\/\/api.w.org\/{rel}","templated":true}]}}