{"id":8997,"date":"2021-03-21T00:01:00","date_gmt":"2021-03-21T00:01:00","guid":{"rendered":"http:\/\/ecclesiae.de\/blog\/?p=8997"},"modified":"2021-01-19T13:15:10","modified_gmt":"2021-01-19T13:15:10","slug":"21-maerz-worte-vom-hl-papst-johannes-paul-ii","status":"publish","type":"post","link":"https:\/\/ecclesiae.de\/blog\/?p=8997","title":{"rendered":"21. M\u00e4rz &#8211; Worte vom hl. Papst Johannes Paul II."},"content":{"rendered":"\n<div class=\"wp-block-media-text alignwide is-stacked-on-mobile\"><figure class=\"wp-block-media-text__media\"><img loading=\"lazy\" decoding=\"async\" width=\"1024\" height=\"498\" src=\"https:\/\/ecclesiae.de\/blog\/wp-content\/uploads\/2021\/01\/20190411_140957-1024x498.jpg\" alt=\"\" class=\"wp-image-8998 size-full\" srcset=\"https:\/\/ecclesiae.de\/blog\/wp-content\/uploads\/2021\/01\/20190411_140957-1024x498.jpg 1024w, https:\/\/ecclesiae.de\/blog\/wp-content\/uploads\/2021\/01\/20190411_140957-300x146.jpg 300w, https:\/\/ecclesiae.de\/blog\/wp-content\/uploads\/2021\/01\/20190411_140957-768x373.jpg 768w, https:\/\/ecclesiae.de\/blog\/wp-content\/uploads\/2021\/01\/20190411_140957-1536x747.jpg 1536w, https:\/\/ecclesiae.de\/blog\/wp-content\/uploads\/2021\/01\/20190411_140957-2048x996.jpg 2048w, https:\/\/ecclesiae.de\/blog\/wp-content\/uploads\/2021\/01\/20190411_140957-500x243.jpg 500w\" sizes=\"auto, (max-width: 1024px) 100vw, 1024px\" \/><\/figure><div class=\"wp-block-media-text__content\">\n<p class=\"has-text-align-center has-normal-font-size\">Josef ist der Vater Jesu, denn er ist wirklich der Mann Marias. Sie hat als Jungfrau empfangen durch das Wirken Gottes, aber das Kind ist auch Sohn Josefs, ihres rechtm\u00e4\u00dfigen Ehegatten. Deshalb werden beide im Evangelium \u00bbdie Eltern\u00ab Jesu genannt (<em>Lk<\/em>\u00a02,27.41).<\/p>\n<\/div><\/div>\n\n\n\n<p class=\"has-text-align-center\">Durch die Aus\u00fcbung seiner Vaterschaft wirkt Josef in der F\u00fclle der Zeit an dem gro\u00dfen Geheimnis der Erl\u00f6sung mit (vgl.&nbsp;<em>Redemptoris custos<\/em>, 8). \u00bbSeine Vaterschaft kommt konkret darin zum Ausdruck, dass er \u203asein Leben zu einem Dienst \u2026 [am] Geheimnis der Menschwerdung und \u2026 [dem] damit verbundenen Erl\u00f6sungsauftrag gemacht hat; \u2026 dass er seine menschliche Berufung zur famili\u00e4ren Liebe in die \u00fcbernat\u00fcrliche Darbringung seiner selbst, seines Herzens und aller F\u00e4higkeiten verwandelt hat, in die Liebe, die er in den Dienst des seinem Haus entsprossenen Messias gestellt hat\u2039\u00ab (<em>ebd<\/em>.). Dazu hat Gott Josef seine eigene Vaterliebe mitgeteilt, die Liebe des Vaters, \u00bbnach dessen Namen jedes Geschlecht im Himmel und auf der Erde benannt wird\u00ab (<em>Eph&nbsp;<\/em>3,15).<\/p>\n\n\n\n<p>Fortsetzung folgt \u2026<\/p>\n\n\n\n<p>(Papst Johannes Paul II. am 21.03.1999)<\/p>\n","protected":false},"excerpt":{"rendered":"<p>Josef ist der Vater Jesu, denn er ist wirklich der Mann Marias. Sie hat als Jungfrau empfangen durch das Wirken Gottes, aber das Kind ist auch Sohn Josefs, ihres rechtm\u00e4\u00dfigen Ehegatten. Deshalb werden beide im Evangelium \u00bbdie Eltern\u00ab Jesu genannt &hellip; <a href=\"https:\/\/ecclesiae.de\/blog\/?p=8997\">Weiterlesen <span class=\"meta-nav\">&rarr;<\/span><\/a><\/p>\n","protected":false},"author":3,"featured_media":0,"comment_status":"open","ping_status":"closed","sticky":false,"template":"","format":"standard","meta":{"footnotes":""},"categories":[1],"tags":[],"class_list":["post-8997","post","type-post","status-publish","format-standard","hentry","category-uncategorized"],"_links":{"self":[{"href":"https:\/\/ecclesiae.de\/blog\/index.php?rest_route=\/wp\/v2\/posts\/8997","targetHints":{"allow":["GET"]}}],"collection":[{"href":"https:\/\/ecclesiae.de\/blog\/index.php?rest_route=\/wp\/v2\/posts"}],"about":[{"href":"https:\/\/ecclesiae.de\/blog\/index.php?rest_route=\/wp\/v2\/types\/post"}],"author":[{"embeddable":true,"href":"https:\/\/ecclesiae.de\/blog\/index.php?rest_route=\/wp\/v2\/users\/3"}],"replies":[{"embeddable":true,"href":"https:\/\/ecclesiae.de\/blog\/index.php?rest_route=%2Fwp%2Fv2%2Fcomments&post=8997"}],"version-history":[{"count":1,"href":"https:\/\/ecclesiae.de\/blog\/index.php?rest_route=\/wp\/v2\/posts\/8997\/revisions"}],"predecessor-version":[{"id":8999,"href":"https:\/\/ecclesiae.de\/blog\/index.php?rest_route=\/wp\/v2\/posts\/8997\/revisions\/8999"}],"wp:attachment":[{"href":"https:\/\/ecclesiae.de\/blog\/index.php?rest_route=%2Fwp%2Fv2%2Fmedia&parent=8997"}],"wp:term":[{"taxonomy":"category","embeddable":true,"href":"https:\/\/ecclesiae.de\/blog\/index.php?rest_route=%2Fwp%2Fv2%2Fcategories&post=8997"},{"taxonomy":"post_tag","embeddable":true,"href":"https:\/\/ecclesiae.de\/blog\/index.php?rest_route=%2Fwp%2Fv2%2Ftags&post=8997"}],"curies":[{"name":"wp","href":"https:\/\/api.w.org\/{rel}","templated":true}]}}