{"id":9235,"date":"2021-07-01T00:01:00","date_gmt":"2021-07-01T00:01:00","guid":{"rendered":"http:\/\/ecclesiae.de\/blog\/?p=9235"},"modified":"2021-04-28T13:01:44","modified_gmt":"2021-04-28T13:01:44","slug":"01-juli-worte-vom-hl-papst-johannes-paul-ii","status":"publish","type":"post","link":"https:\/\/ecclesiae.de\/blog\/?p=9235","title":{"rendered":"01. Juli  &#8211; Worte vom hl. Papst Johannes Paul II."},"content":{"rendered":"\n<div class=\"wp-block-media-text alignwide is-stacked-on-mobile\"><figure class=\"wp-block-media-text__media\"><img loading=\"lazy\" decoding=\"async\" width=\"315\" height=\"500\" src=\"https:\/\/ecclesiae.de\/blog\/wp-content\/uploads\/2016\/06\/01-07-kostbareb-Blut-ecclesiaveritas.jpg\" alt=\"\" class=\"wp-image-4610 size-full\" srcset=\"https:\/\/ecclesiae.de\/blog\/wp-content\/uploads\/2016\/06\/01-07-kostbareb-Blut-ecclesiaveritas.jpg 315w, https:\/\/ecclesiae.de\/blog\/wp-content\/uploads\/2016\/06\/01-07-kostbareb-Blut-ecclesiaveritas-189x300.jpg 189w\" sizes=\"auto, (max-width: 315px) 100vw, 315px\" \/><\/figure><div class=\"wp-block-media-text__content\">\n<p class=\"has-text-align-center\">Fortsetzung<\/p>\n\n\n\n<p class=\"has-text-align-center\">Gerade diese christliche Sicht vom Tod war es, die den hl. Franz von Assisi in seinem Sonnengesang jubeln lie\u00df: \u00bbGepriesen seist du, mein Herr, durch unseren Bruder, den leiblichen Tod\u00ab (<em>Sonnengesang<\/em>, 13 , in : Franziskanische Quellenschriften Bd. 1, Werl 1994, S. 215). Angesichts dieser tr\u00f6stlichen Perspektive versteht man die im Buch der Offenbarung gegebene Seligpreisung, gewisserma\u00dfen eine Kr\u00f6nung der Seligpreisungen des Evangeliums: \u00bbSelig die Toten, die im Herrn sterben, von jetzt an; ja, spricht der Geist, sie sollen ausruhen von ihren M\u00fchen; denn ihre Werke begleiten sie\u00ab (<em>Offb<\/em>&nbsp;14,13).&nbsp;<\/p>\n\n\n\n<p class=\"has-text-align-center\">Fortsetzung folgt \u2026<\/p>\n\n\n\n<p class=\"has-text-align-center\">(Papst Johannes Paul II. am 02. Juni 1999)<\/p>\n<\/div><\/div>\n","protected":false},"excerpt":{"rendered":"<p>Fortsetzung Gerade diese christliche Sicht vom Tod war es, die den hl. Franz von Assisi in seinem Sonnengesang jubeln lie\u00df: \u00bbGepriesen seist du, mein Herr, durch unseren Bruder, den leiblichen Tod\u00ab (Sonnengesang, 13 , in : Franziskanische Quellenschriften Bd. 1, &hellip; <a href=\"https:\/\/ecclesiae.de\/blog\/?p=9235\">Weiterlesen <span class=\"meta-nav\">&rarr;<\/span><\/a><\/p>\n","protected":false},"author":3,"featured_media":0,"comment_status":"open","ping_status":"closed","sticky":false,"template":"","format":"standard","meta":{"footnotes":""},"categories":[1],"tags":[],"class_list":["post-9235","post","type-post","status-publish","format-standard","hentry","category-uncategorized"],"_links":{"self":[{"href":"https:\/\/ecclesiae.de\/blog\/index.php?rest_route=\/wp\/v2\/posts\/9235","targetHints":{"allow":["GET"]}}],"collection":[{"href":"https:\/\/ecclesiae.de\/blog\/index.php?rest_route=\/wp\/v2\/posts"}],"about":[{"href":"https:\/\/ecclesiae.de\/blog\/index.php?rest_route=\/wp\/v2\/types\/post"}],"author":[{"embeddable":true,"href":"https:\/\/ecclesiae.de\/blog\/index.php?rest_route=\/wp\/v2\/users\/3"}],"replies":[{"embeddable":true,"href":"https:\/\/ecclesiae.de\/blog\/index.php?rest_route=%2Fwp%2Fv2%2Fcomments&post=9235"}],"version-history":[{"count":1,"href":"https:\/\/ecclesiae.de\/blog\/index.php?rest_route=\/wp\/v2\/posts\/9235\/revisions"}],"predecessor-version":[{"id":9236,"href":"https:\/\/ecclesiae.de\/blog\/index.php?rest_route=\/wp\/v2\/posts\/9235\/revisions\/9236"}],"wp:attachment":[{"href":"https:\/\/ecclesiae.de\/blog\/index.php?rest_route=%2Fwp%2Fv2%2Fmedia&parent=9235"}],"wp:term":[{"taxonomy":"category","embeddable":true,"href":"https:\/\/ecclesiae.de\/blog\/index.php?rest_route=%2Fwp%2Fv2%2Fcategories&post=9235"},{"taxonomy":"post_tag","embeddable":true,"href":"https:\/\/ecclesiae.de\/blog\/index.php?rest_route=%2Fwp%2Fv2%2Ftags&post=9235"}],"curies":[{"name":"wp","href":"https:\/\/api.w.org\/{rel}","templated":true}]}}