{"id":9237,"date":"2021-07-02T00:01:00","date_gmt":"2021-07-02T00:01:00","guid":{"rendered":"http:\/\/ecclesiae.de\/blog\/?p=9237"},"modified":"2021-05-10T14:17:39","modified_gmt":"2021-05-10T14:17:39","slug":"02-juli-worte-vom-hl-papst-johannes-paul-ii","status":"publish","type":"post","link":"https:\/\/ecclesiae.de\/blog\/?p=9237","title":{"rendered":"02. Juli  &#8211; Worte vom hl. Papst Johannes Paul II."},"content":{"rendered":"\n<div class=\"wp-block-media-text alignwide is-stacked-on-mobile\"><figure class=\"wp-block-media-text__media\"><img loading=\"lazy\" decoding=\"async\" width=\"573\" height=\"1024\" src=\"https:\/\/ecclesiae.de\/blog\/wp-content\/uploads\/2021\/04\/Heimsuchung-573x1024.jpg\" alt=\"\" class=\"wp-image-9238 size-full\" srcset=\"https:\/\/ecclesiae.de\/blog\/wp-content\/uploads\/2021\/04\/Heimsuchung-573x1024.jpg 573w, https:\/\/ecclesiae.de\/blog\/wp-content\/uploads\/2021\/04\/Heimsuchung-168x300.jpg 168w, https:\/\/ecclesiae.de\/blog\/wp-content\/uploads\/2021\/04\/Heimsuchung-768x1372.jpg 768w, https:\/\/ecclesiae.de\/blog\/wp-content\/uploads\/2021\/04\/Heimsuchung-860x1536.jpg 860w, https:\/\/ecclesiae.de\/blog\/wp-content\/uploads\/2021\/04\/Heimsuchung.jpg 992w\" sizes=\"auto, (max-width: 573px) 100vw, 573px\" \/><\/figure><div class=\"wp-block-media-text__content\">\n<p><strong>Maria bei Elisabeth<\/strong><br><em>[Lk. 1,39-56]<\/em><\/p>\n\n\n\n<p class=\"has-text-align-center\">Maria aber machte sich in diesen Tagen auf und ging eilends in das Gebirge in eine Stadt Judas. Sie trat in das Haus des Zacharias und begr\u00fc\u00dfte Elisabeth. Und es begab sich, als Elisabeth den Gru\u00df Marias h\u00f6rte, da h\u00fcpfte das Kind in ihrem Leib, und Elisabeth wurde erf\u00fcllt von Heiligem Geist, erhob laut ihre Stimme und rief:\u00a0\u00bbGebenedeit bist du unter den Frauen, und gebenedeit ist die Frucht deines Leibes! Woher geschieht mir dies, dass die Mutter meines Herrn zu mir kommt? Denn siehe, als der Klang deines Gru\u00dfes an meine Ohren kam, h\u00fcpfte frohlockend das Kind in meinem Leibe. Selig, die geglaubt hat, dass in Erf\u00fcllung gehen wird, was ihr gesagt worden ist vom Herrn.\u00ab\u00a0 Und Maria sprach: \u00bb\u203aHochpreist meine Seele den Herrn\u2039, und \u203amein Geist frohlockt \u00fcber Gott, meinen Heiland\u2039;  \u203aer schaute gn\u00e4dig herab auf die Niedrigkeit seiner Magd\u2039; denn siehe, von nun an werden mich seligpreisen alle Geschlechter.<\/p>\n<\/div><\/div>\n\n\n\n<p class=\"has-text-align-center\"> \u203aGro\u00dfes tat an mir\u2039 der M\u00e4chtige, und \u203aheilig ist sein Name\u2039. \u203aSein Erbarmen gilt von Geschlecht zu Geschlecht denen, die ihn f\u00fcrchten\u2039. Er \u00fcbte Macht aus \u203amit seinem Arm\u2039; er \u203azerstreute, die hochm\u00fctig sind in ihres Herzens Sinnen\u2039. \u203aGewalthaber st\u00fcrzte er vom Thron und erh\u00f6hte die Niedrigen\u2039. \u203aHungrige erf\u00fcllte er mit G\u00fctern\u2039, und Reiche schickte er leer von dannen. \u203aEr nahm sich Israels an, seines Knechtes\u2039, \u203azu gedenken seines Erbarmens\u2039, wie er zu unseren V\u00e4tern sprach, f\u00fcr Abraham und \u203aseine Nachkommen auf ewig.\u2039\u00ab Maria blieb bei ihr etwa drei Monate und kehrte zur\u00fcck in ihr Haus.<\/p>\n","protected":false},"excerpt":{"rendered":"<p>Maria bei Elisabeth[Lk. 1,39-56] Maria aber machte sich in diesen Tagen auf und ging eilends in das Gebirge in eine Stadt Judas. Sie trat in das Haus des Zacharias und begr\u00fc\u00dfte Elisabeth. Und es begab sich, als Elisabeth den Gru\u00df &hellip; <a href=\"https:\/\/ecclesiae.de\/blog\/?p=9237\">Weiterlesen <span class=\"meta-nav\">&rarr;<\/span><\/a><\/p>\n","protected":false},"author":3,"featured_media":0,"comment_status":"open","ping_status":"closed","sticky":false,"template":"","format":"standard","meta":{"footnotes":""},"categories":[1],"tags":[],"class_list":["post-9237","post","type-post","status-publish","format-standard","hentry","category-uncategorized"],"_links":{"self":[{"href":"https:\/\/ecclesiae.de\/blog\/index.php?rest_route=\/wp\/v2\/posts\/9237","targetHints":{"allow":["GET"]}}],"collection":[{"href":"https:\/\/ecclesiae.de\/blog\/index.php?rest_route=\/wp\/v2\/posts"}],"about":[{"href":"https:\/\/ecclesiae.de\/blog\/index.php?rest_route=\/wp\/v2\/types\/post"}],"author":[{"embeddable":true,"href":"https:\/\/ecclesiae.de\/blog\/index.php?rest_route=\/wp\/v2\/users\/3"}],"replies":[{"embeddable":true,"href":"https:\/\/ecclesiae.de\/blog\/index.php?rest_route=%2Fwp%2Fv2%2Fcomments&post=9237"}],"version-history":[{"count":2,"href":"https:\/\/ecclesiae.de\/blog\/index.php?rest_route=\/wp\/v2\/posts\/9237\/revisions"}],"predecessor-version":[{"id":9256,"href":"https:\/\/ecclesiae.de\/blog\/index.php?rest_route=\/wp\/v2\/posts\/9237\/revisions\/9256"}],"wp:attachment":[{"href":"https:\/\/ecclesiae.de\/blog\/index.php?rest_route=%2Fwp%2Fv2%2Fmedia&parent=9237"}],"wp:term":[{"taxonomy":"category","embeddable":true,"href":"https:\/\/ecclesiae.de\/blog\/index.php?rest_route=%2Fwp%2Fv2%2Fcategories&post=9237"},{"taxonomy":"post_tag","embeddable":true,"href":"https:\/\/ecclesiae.de\/blog\/index.php?rest_route=%2Fwp%2Fv2%2Ftags&post=9237"}],"curies":[{"name":"wp","href":"https:\/\/api.w.org\/{rel}","templated":true}]}}