{"id":9260,"date":"2021-07-03T00:01:00","date_gmt":"2021-07-03T00:01:00","guid":{"rendered":"http:\/\/ecclesiae.de\/blog\/?p=9260"},"modified":"2021-05-24T12:23:09","modified_gmt":"2021-05-24T12:23:09","slug":"03-juli-worte-vom-hl-papst-johannes-paul-ii","status":"publish","type":"post","link":"https:\/\/ecclesiae.de\/blog\/?p=9260","title":{"rendered":"03. Juli  &#8211; Worte vom hl. Papst Johannes Paul II."},"content":{"rendered":"\n<div class=\"wp-block-media-text alignwide is-stacked-on-mobile\"><figure class=\"wp-block-media-text__media\"><img loading=\"lazy\" decoding=\"async\" width=\"485\" height=\"1024\" src=\"https:\/\/ecclesiae.de\/blog\/wp-content\/uploads\/2019\/07\/20190626_150721-e1562515373108-485x1024.jpg\" alt=\"\" class=\"wp-image-7524 size-full\" srcset=\"https:\/\/ecclesiae.de\/blog\/wp-content\/uploads\/2019\/07\/20190626_150721-e1562515373108-485x1024.jpg 485w, https:\/\/ecclesiae.de\/blog\/wp-content\/uploads\/2019\/07\/20190626_150721-e1562515373108-142x300.jpg 142w, https:\/\/ecclesiae.de\/blog\/wp-content\/uploads\/2019\/07\/20190626_150721-e1562515373108-768x1623.jpg 768w, https:\/\/ecclesiae.de\/blog\/wp-content\/uploads\/2019\/07\/20190626_150721-e1562515373108.jpg 1908w\" sizes=\"auto, (max-width: 485px) 100vw, 485px\" \/><\/figure><div class=\"wp-block-media-text__content\">\n<p class=\"has-text-align-center\">Fortsetzung vom 01.07.<\/p>\n\n\n\n<p class=\"has-text-align-center has-normal-font-size\">In unserer heutigen Katechese sprechen wir \u00fcber ein Thema, das uns alle ber\u00fchrt: die Bedeutung des Todes. In den Wohlstandsgesellschaften ist es schwierig geworden, \u00fcber die Tatsache zu sprechen: Das Leben auf Erden hat ein Ende. Sterben macht Angst. Es besteht die Gefahr, dass der Tod in den Hintergrund gedr\u00e4ngt wird \u2013 sowohl im \u00f6ffentlichen Leben als auch im eigenen Bewusstsein.<\/p>\n<\/div><\/div>\n\n\n\n<p class=\"has-text-align-center\">Die Christen hingegen f\u00fcrchten das Sterben nicht. Die Gerechten m\u00fcssen keine Angst davor haben, so lesen wir im Neuen Testament. Sie sind erw\u00e4hlt, das verhei\u00dfene Reich in Besitz zu nehmen. Sie werden zur Rechten Gottes sitzen und \u201cGesegnete meines Vaters\u201d hei\u00dfen (vgl.&nbsp;<em>Mt<\/em>&nbsp;25,34).<\/p>\n\n\n\n<p class=\"has-text-align-center\">Nach dem Tod werden wir erst klar sehen, \u201cdass der Tod vom Sieg verschlungen ist\u201d. Wir werden ohne Angst rufen k\u00f6nnen: \u201cTod, wo ist dein Sieg? Tod, wo ist dein Stachel?\u201d (<em>1 Kor<\/em>&nbsp;15,54)<\/p>\n\n\n\n<p class=\"has-text-align-center\">Diese R\u00fcckkehr zu Gott, dem Vater, dieses gro\u00dfe Wiedersehen im Haus des Vaters ist das Ziel, zu dem wir als Christen auf dieser Erde unterwegs sind.<\/p>\n\n\n\n<p class=\"has-text-align-center\">(Papst Johannes Paul II. am 02. Juni 1999)<\/p>\n","protected":false},"excerpt":{"rendered":"<p>Fortsetzung vom 01.07. In unserer heutigen Katechese sprechen wir \u00fcber ein Thema, das uns alle ber\u00fchrt: die Bedeutung des Todes. In den Wohlstandsgesellschaften ist es schwierig geworden, \u00fcber die Tatsache zu sprechen: Das Leben auf Erden hat ein Ende. Sterben &hellip; <a href=\"https:\/\/ecclesiae.de\/blog\/?p=9260\">Weiterlesen <span class=\"meta-nav\">&rarr;<\/span><\/a><\/p>\n","protected":false},"author":3,"featured_media":0,"comment_status":"open","ping_status":"closed","sticky":false,"template":"","format":"standard","meta":{"footnotes":""},"categories":[1],"tags":[],"class_list":["post-9260","post","type-post","status-publish","format-standard","hentry","category-uncategorized"],"_links":{"self":[{"href":"https:\/\/ecclesiae.de\/blog\/index.php?rest_route=\/wp\/v2\/posts\/9260","targetHints":{"allow":["GET"]}}],"collection":[{"href":"https:\/\/ecclesiae.de\/blog\/index.php?rest_route=\/wp\/v2\/posts"}],"about":[{"href":"https:\/\/ecclesiae.de\/blog\/index.php?rest_route=\/wp\/v2\/types\/post"}],"author":[{"embeddable":true,"href":"https:\/\/ecclesiae.de\/blog\/index.php?rest_route=\/wp\/v2\/users\/3"}],"replies":[{"embeddable":true,"href":"https:\/\/ecclesiae.de\/blog\/index.php?rest_route=%2Fwp%2Fv2%2Fcomments&post=9260"}],"version-history":[{"count":1,"href":"https:\/\/ecclesiae.de\/blog\/index.php?rest_route=\/wp\/v2\/posts\/9260\/revisions"}],"predecessor-version":[{"id":9261,"href":"https:\/\/ecclesiae.de\/blog\/index.php?rest_route=\/wp\/v2\/posts\/9260\/revisions\/9261"}],"wp:attachment":[{"href":"https:\/\/ecclesiae.de\/blog\/index.php?rest_route=%2Fwp%2Fv2%2Fmedia&parent=9260"}],"wp:term":[{"taxonomy":"category","embeddable":true,"href":"https:\/\/ecclesiae.de\/blog\/index.php?rest_route=%2Fwp%2Fv2%2Fcategories&post=9260"},{"taxonomy":"post_tag","embeddable":true,"href":"https:\/\/ecclesiae.de\/blog\/index.php?rest_route=%2Fwp%2Fv2%2Ftags&post=9260"}],"curies":[{"name":"wp","href":"https:\/\/api.w.org\/{rel}","templated":true}]}}