{"id":9262,"date":"2021-07-04T00:01:00","date_gmt":"2021-07-04T00:01:00","guid":{"rendered":"http:\/\/ecclesiae.de\/blog\/?p=9262"},"modified":"2021-05-24T12:34:09","modified_gmt":"2021-05-24T12:34:09","slug":"04-juli-worte-vom-hl-papst-johannes-paul-ii","status":"publish","type":"post","link":"https:\/\/ecclesiae.de\/blog\/?p=9262","title":{"rendered":"04. Juli  &#8211; Worte vom hl. Papst Johannes Paul II."},"content":{"rendered":"\n<div class=\"wp-block-media-text alignwide is-stacked-on-mobile\"><figure class=\"wp-block-media-text__media\"><img loading=\"lazy\" decoding=\"async\" width=\"575\" height=\"1024\" src=\"https:\/\/ecclesiae.de\/blog\/wp-content\/uploads\/2019\/05\/IMG_20190510_143546-575x1024.jpg\" alt=\"\" class=\"wp-image-7384 size-full\" srcset=\"https:\/\/ecclesiae.de\/blog\/wp-content\/uploads\/2019\/05\/IMG_20190510_143546-575x1024.jpg 575w, https:\/\/ecclesiae.de\/blog\/wp-content\/uploads\/2019\/05\/IMG_20190510_143546-168x300.jpg 168w, https:\/\/ecclesiae.de\/blog\/wp-content\/uploads\/2019\/05\/IMG_20190510_143546-768x1368.jpg 768w\" sizes=\"auto, (max-width: 575px) 100vw, 575px\" \/><\/figure><div class=\"wp-block-media-text__content\">\n<p class=\"has-text-align-center has-normal-font-size\">Der Inhalt von Psalm 93, \u00fcber den wir heute nachdenken, ist im wesentlichen in einigen Versen des Hymnus, den das Stundengebet montags f\u00fcr die Vesper anbietet, eindrucksvoll wiedergegeben: \u00bbDes Himmels Sch\u00f6pfer, gro\u00dfer Gott, du hast das Firmament gebaut und so geschieden Flut von Flut, da\u00df sie nicht wirr zusammenstr\u00f6mt. Den Wolken wiesest du die Bahn, den Fl\u00fcssen zeigtest du ihr Bett; nun hemmt die Flut des Feuers Macht, damit die Erde nicht verbrennt.\u00ab&nbsp;<\/p>\n<\/div><\/div>\n\n\n\n<p class=\"has-text-align-center\">Bevor wir den Psalm eingehender untersuchen, in dem das Bild der Wasserfluten vorherrscht, wollen wir sein Grundmotiv erfassen, die literarische Gattung, die ihn leitet. Denn dieser Psalm wird wie die nachfolgenden Psalmen 95\u201398 von den Bibelforschern als \u00bbK\u00f6nigslied\u00ab bezeichnet. Er r\u00fchmt das Reich Gottes, die Quelle des Friedens, der Wahrheit und der Liebe, das wir im Vaterunser herbeirufen, wenn wir flehentlich bitten: \u00bbDein Reich komme!\u00ab&nbsp;<\/p>\n\n\n\n<p class=\"has-text-align-center\">Fortsetzung folgt \u2026<\/p>\n\n\n\n<p class=\"has-text-align-center\">Q.: Papst Johannes-Paul II. am 03.07.2002<\/p>\n","protected":false},"excerpt":{"rendered":"<p>Der Inhalt von Psalm 93, \u00fcber den wir heute nachdenken, ist im wesentlichen in einigen Versen des Hymnus, den das Stundengebet montags f\u00fcr die Vesper anbietet, eindrucksvoll wiedergegeben: \u00bbDes Himmels Sch\u00f6pfer, gro\u00dfer Gott, du hast das Firmament gebaut und so &hellip; <a href=\"https:\/\/ecclesiae.de\/blog\/?p=9262\">Weiterlesen <span class=\"meta-nav\">&rarr;<\/span><\/a><\/p>\n","protected":false},"author":3,"featured_media":0,"comment_status":"open","ping_status":"closed","sticky":false,"template":"","format":"standard","meta":{"footnotes":""},"categories":[1],"tags":[],"class_list":["post-9262","post","type-post","status-publish","format-standard","hentry","category-uncategorized"],"_links":{"self":[{"href":"https:\/\/ecclesiae.de\/blog\/index.php?rest_route=\/wp\/v2\/posts\/9262","targetHints":{"allow":["GET"]}}],"collection":[{"href":"https:\/\/ecclesiae.de\/blog\/index.php?rest_route=\/wp\/v2\/posts"}],"about":[{"href":"https:\/\/ecclesiae.de\/blog\/index.php?rest_route=\/wp\/v2\/types\/post"}],"author":[{"embeddable":true,"href":"https:\/\/ecclesiae.de\/blog\/index.php?rest_route=\/wp\/v2\/users\/3"}],"replies":[{"embeddable":true,"href":"https:\/\/ecclesiae.de\/blog\/index.php?rest_route=%2Fwp%2Fv2%2Fcomments&post=9262"}],"version-history":[{"count":1,"href":"https:\/\/ecclesiae.de\/blog\/index.php?rest_route=\/wp\/v2\/posts\/9262\/revisions"}],"predecessor-version":[{"id":9263,"href":"https:\/\/ecclesiae.de\/blog\/index.php?rest_route=\/wp\/v2\/posts\/9262\/revisions\/9263"}],"wp:attachment":[{"href":"https:\/\/ecclesiae.de\/blog\/index.php?rest_route=%2Fwp%2Fv2%2Fmedia&parent=9262"}],"wp:term":[{"taxonomy":"category","embeddable":true,"href":"https:\/\/ecclesiae.de\/blog\/index.php?rest_route=%2Fwp%2Fv2%2Fcategories&post=9262"},{"taxonomy":"post_tag","embeddable":true,"href":"https:\/\/ecclesiae.de\/blog\/index.php?rest_route=%2Fwp%2Fv2%2Ftags&post=9262"}],"curies":[{"name":"wp","href":"https:\/\/api.w.org\/{rel}","templated":true}]}}