{"id":9264,"date":"2021-07-05T00:01:00","date_gmt":"2021-07-05T00:01:00","guid":{"rendered":"http:\/\/ecclesiae.de\/blog\/?p=9264"},"modified":"2021-05-24T12:42:57","modified_gmt":"2021-05-24T12:42:57","slug":"05-juli-worte-vom-hl-papst-johannes-paul-ii","status":"publish","type":"post","link":"https:\/\/ecclesiae.de\/blog\/?p=9264","title":{"rendered":"05. Juli  &#8211; Worte vom hl. Papst Johannes Paul II."},"content":{"rendered":"\n<div class=\"wp-block-media-text alignwide is-stacked-on-mobile\"><figure class=\"wp-block-media-text__media\"><img loading=\"lazy\" decoding=\"async\" width=\"980\" height=\"980\" src=\"https:\/\/ecclesiae.de\/blog\/wp-content\/uploads\/2019\/12\/IMG_20191025_070539_818.jpg\" alt=\"\" class=\"wp-image-7962 size-full\" srcset=\"https:\/\/ecclesiae.de\/blog\/wp-content\/uploads\/2019\/12\/IMG_20191025_070539_818.jpg 980w, https:\/\/ecclesiae.de\/blog\/wp-content\/uploads\/2019\/12\/IMG_20191025_070539_818-300x300.jpg 300w, https:\/\/ecclesiae.de\/blog\/wp-content\/uploads\/2019\/12\/IMG_20191025_070539_818-150x150.jpg 150w, https:\/\/ecclesiae.de\/blog\/wp-content\/uploads\/2019\/12\/IMG_20191025_070539_818-768x768.jpg 768w\" sizes=\"auto, (max-width: 980px) 100vw, 980px\" \/><\/figure><div class=\"wp-block-media-text__content\">\n<p class=\"has-text-align-center\">Fortsetzung<\/p>\n\n\n\n<p class=\"has-text-align-center\">In der Tat beginnt Psalm 93 mit einem Freudenruf, der so klingt: \u00bbDer Herr ist K\u00f6nig\u00ab (V. 1). Der Psalmist feiert das aktive K\u00f6nigtum Gottes, das hei\u00dft sein wirksames und heilbringendes Handeln, das die Welt erschaffen und den Menschen erl\u00f6st hat. Der Herr ist kein gleichg\u00fcltiger in seinem fernen Himmel eingeschlossener Herrscher, sondern er ist mitten unter seinem Volk gegenw\u00e4rtig als machtvoller Erl\u00f6ser, gro\u00df in der Liebe.&nbsp;<\/p>\n<\/div><\/div>\n\n\n\n<p class=\"has-text-align-center\">Fortsetzung folgt \u2026<\/p>\n\n\n\n<p class=\"has-text-align-center\">Q.: Papst Johannes-Paul II. am 03.07.2002<\/p>\n","protected":false},"excerpt":{"rendered":"<p>Fortsetzung In der Tat beginnt Psalm 93 mit einem Freudenruf, der so klingt: \u00bbDer Herr ist K\u00f6nig\u00ab (V. 1). Der Psalmist feiert das aktive K\u00f6nigtum Gottes, das hei\u00dft sein wirksames und heilbringendes Handeln, das die Welt erschaffen und den Menschen &hellip; <a href=\"https:\/\/ecclesiae.de\/blog\/?p=9264\">Weiterlesen <span class=\"meta-nav\">&rarr;<\/span><\/a><\/p>\n","protected":false},"author":3,"featured_media":0,"comment_status":"open","ping_status":"closed","sticky":false,"template":"","format":"standard","meta":{"footnotes":""},"categories":[1],"tags":[],"class_list":["post-9264","post","type-post","status-publish","format-standard","hentry","category-uncategorized"],"_links":{"self":[{"href":"https:\/\/ecclesiae.de\/blog\/index.php?rest_route=\/wp\/v2\/posts\/9264","targetHints":{"allow":["GET"]}}],"collection":[{"href":"https:\/\/ecclesiae.de\/blog\/index.php?rest_route=\/wp\/v2\/posts"}],"about":[{"href":"https:\/\/ecclesiae.de\/blog\/index.php?rest_route=\/wp\/v2\/types\/post"}],"author":[{"embeddable":true,"href":"https:\/\/ecclesiae.de\/blog\/index.php?rest_route=\/wp\/v2\/users\/3"}],"replies":[{"embeddable":true,"href":"https:\/\/ecclesiae.de\/blog\/index.php?rest_route=%2Fwp%2Fv2%2Fcomments&post=9264"}],"version-history":[{"count":1,"href":"https:\/\/ecclesiae.de\/blog\/index.php?rest_route=\/wp\/v2\/posts\/9264\/revisions"}],"predecessor-version":[{"id":9265,"href":"https:\/\/ecclesiae.de\/blog\/index.php?rest_route=\/wp\/v2\/posts\/9264\/revisions\/9265"}],"wp:attachment":[{"href":"https:\/\/ecclesiae.de\/blog\/index.php?rest_route=%2Fwp%2Fv2%2Fmedia&parent=9264"}],"wp:term":[{"taxonomy":"category","embeddable":true,"href":"https:\/\/ecclesiae.de\/blog\/index.php?rest_route=%2Fwp%2Fv2%2Fcategories&post=9264"},{"taxonomy":"post_tag","embeddable":true,"href":"https:\/\/ecclesiae.de\/blog\/index.php?rest_route=%2Fwp%2Fv2%2Ftags&post=9264"}],"curies":[{"name":"wp","href":"https:\/\/api.w.org\/{rel}","templated":true}]}}