{"id":9266,"date":"2021-07-06T00:00:00","date_gmt":"2021-07-06T00:00:00","guid":{"rendered":"http:\/\/ecclesiae.de\/blog\/?p=9266"},"modified":"2021-05-24T12:44:58","modified_gmt":"2021-05-24T12:44:58","slug":"06-juli-worte-vom-hl-papst-johannes-paul-ii","status":"publish","type":"post","link":"https:\/\/ecclesiae.de\/blog\/?p=9266","title":{"rendered":"06. Juli  &#8211; Worte vom hl. Papst Johannes Paul II."},"content":{"rendered":"\n<div class=\"wp-block-media-text alignwide is-stacked-on-mobile\"><figure class=\"wp-block-media-text__media\"><img loading=\"lazy\" decoding=\"async\" width=\"1024\" height=\"768\" src=\"https:\/\/ecclesiae.de\/blog\/wp-content\/uploads\/2015\/06\/DSCN0031-1024x768.jpg\" alt=\"\" class=\"wp-image-3534 size-full\" srcset=\"https:\/\/ecclesiae.de\/blog\/wp-content\/uploads\/2015\/06\/DSCN0031-1024x768.jpg 1024w, https:\/\/ecclesiae.de\/blog\/wp-content\/uploads\/2015\/06\/DSCN0031-300x225.jpg 300w, https:\/\/ecclesiae.de\/blog\/wp-content\/uploads\/2015\/06\/DSCN0031-400x300.jpg 400w, https:\/\/ecclesiae.de\/blog\/wp-content\/uploads\/2015\/06\/DSCN0031.jpg 1600w\" sizes=\"auto, (max-width: 1024px) 100vw, 1024px\" \/><\/figure><div class=\"wp-block-media-text__content\">\n<p class=\"has-text-align-center\">Fortsetzung<\/p>\n\n\n\n<p class=\"has-text-align-center\">Im ersten Teil des Lobhymnus thront der K\u00f6nig, der Herr. Er sitzt wie ein Herrscher auf einem ruhmvollen Thron, der feststeht von Ewigkeit (vgl. V. 2). Er hat sich bekleidet mit Hoheit, geg\u00fcrtet mit Macht (vgl. V. 1). Im Zentrum des Psalms wird Gottes Allmacht offenbar, anschaulich dargestellt von den Wasserfluten.&nbsp;<\/p>\n<\/div><\/div>\n\n\n\n<p class=\"has-text-align-center\">Der Psalmist weist insbesondere auf das \u00bbBrausen\u00ab der Fluten, das hei\u00dft auf das Ger\u00e4usch des Wassers hin. In der Tat erzeugt das ohrenbet\u00e4ubende Get\u00f6se gro\u00dfer Wasserf\u00e4lle im Zuschauer das Gef\u00fchl einer furchterregenden Gewalt und l\u00e4sst ihn erzittern. Psalm 42 erinnert an dieses Gef\u00fchl, wenn es hei\u00dft: \u00bbFlut ruft der Flut zu beim Tosen deiner Wasser, all deine Wellen und Wogen gehen \u00fcber mich hin\u00ab (V. 8). Angesichts dieser Naturgewalt f\u00fchlt sich der Mensch hilflos. Aber der Psalmist bedient sich dieses Sprungbretts, um die viel gr\u00f6\u00dfere Macht des Herrn zu r\u00fchmen. Die dreifache Wiederholung der Worte \u00bbFluten erheben\u00ab ihr Brausen (vgl.&nbsp;<em>Ps<\/em>&nbsp;93, 3), wird beantwortet durch die dreifache Bekr\u00e4ftigung der noch gr\u00f6\u00dferen Macht Gottes.&nbsp;<\/p>\n\n\n\n<p class=\"has-text-align-center\">Fortsetzung folgt \u2026<\/p>\n\n\n\n<p class=\"has-text-align-center\">Q.: Papst Johannes-Paul II. am 03.07.2002<\/p>\n","protected":false},"excerpt":{"rendered":"<p>Fortsetzung Im ersten Teil des Lobhymnus thront der K\u00f6nig, der Herr. Er sitzt wie ein Herrscher auf einem ruhmvollen Thron, der feststeht von Ewigkeit (vgl. V. 2). Er hat sich bekleidet mit Hoheit, geg\u00fcrtet mit Macht (vgl. V. 1). Im &hellip; <a href=\"https:\/\/ecclesiae.de\/blog\/?p=9266\">Weiterlesen <span class=\"meta-nav\">&rarr;<\/span><\/a><\/p>\n","protected":false},"author":3,"featured_media":0,"comment_status":"open","ping_status":"closed","sticky":false,"template":"","format":"standard","meta":{"footnotes":""},"categories":[1],"tags":[],"class_list":["post-9266","post","type-post","status-publish","format-standard","hentry","category-uncategorized"],"_links":{"self":[{"href":"https:\/\/ecclesiae.de\/blog\/index.php?rest_route=\/wp\/v2\/posts\/9266","targetHints":{"allow":["GET"]}}],"collection":[{"href":"https:\/\/ecclesiae.de\/blog\/index.php?rest_route=\/wp\/v2\/posts"}],"about":[{"href":"https:\/\/ecclesiae.de\/blog\/index.php?rest_route=\/wp\/v2\/types\/post"}],"author":[{"embeddable":true,"href":"https:\/\/ecclesiae.de\/blog\/index.php?rest_route=\/wp\/v2\/users\/3"}],"replies":[{"embeddable":true,"href":"https:\/\/ecclesiae.de\/blog\/index.php?rest_route=%2Fwp%2Fv2%2Fcomments&post=9266"}],"version-history":[{"count":1,"href":"https:\/\/ecclesiae.de\/blog\/index.php?rest_route=\/wp\/v2\/posts\/9266\/revisions"}],"predecessor-version":[{"id":9267,"href":"https:\/\/ecclesiae.de\/blog\/index.php?rest_route=\/wp\/v2\/posts\/9266\/revisions\/9267"}],"wp:attachment":[{"href":"https:\/\/ecclesiae.de\/blog\/index.php?rest_route=%2Fwp%2Fv2%2Fmedia&parent=9266"}],"wp:term":[{"taxonomy":"category","embeddable":true,"href":"https:\/\/ecclesiae.de\/blog\/index.php?rest_route=%2Fwp%2Fv2%2Fcategories&post=9266"},{"taxonomy":"post_tag","embeddable":true,"href":"https:\/\/ecclesiae.de\/blog\/index.php?rest_route=%2Fwp%2Fv2%2Ftags&post=9266"}],"curies":[{"name":"wp","href":"https:\/\/api.w.org\/{rel}","templated":true}]}}