{"id":9268,"date":"2021-07-07T00:00:00","date_gmt":"2021-07-07T00:00:00","guid":{"rendered":"http:\/\/ecclesiae.de\/blog\/?p=9268"},"modified":"2021-05-24T12:47:46","modified_gmt":"2021-05-24T12:47:46","slug":"07-juli-worte-vom-hl-papst-johannes-paul-ii","status":"publish","type":"post","link":"https:\/\/ecclesiae.de\/blog\/?p=9268","title":{"rendered":"07. Juli  &#8211; Worte vom hl. Papst Johannes Paul II."},"content":{"rendered":"\n<div class=\"wp-block-media-text alignwide is-stacked-on-mobile\"><figure class=\"wp-block-media-text__media\"><img loading=\"lazy\" decoding=\"async\" width=\"1024\" height=\"768\" src=\"https:\/\/ecclesiae.de\/blog\/wp-content\/uploads\/2015\/06\/DSCN0042-1024x768.jpg\" alt=\"\" class=\"wp-image-3538 size-full\" srcset=\"https:\/\/ecclesiae.de\/blog\/wp-content\/uploads\/2015\/06\/DSCN0042-1024x768.jpg 1024w, https:\/\/ecclesiae.de\/blog\/wp-content\/uploads\/2015\/06\/DSCN0042-300x225.jpg 300w, https:\/\/ecclesiae.de\/blog\/wp-content\/uploads\/2015\/06\/DSCN0042-400x300.jpg 400w, https:\/\/ecclesiae.de\/blog\/wp-content\/uploads\/2015\/06\/DSCN0042.jpg 1600w\" sizes=\"auto, (max-width: 1024px) 100vw, 1024px\" \/><\/figure><div class=\"wp-block-media-text__content\">\n<p class=\"has-text-align-center has-normal-font-size\">Fortsetzung <\/p>\n\n\n\n<p class=\"has-text-align-center has-normal-font-size\">Wenn die Kirchenv\u00e4ter diesen Psalm kommentieren, beziehen sie ihn gern auf Christus, den \u00bbHerrn und Erl\u00f6ser\u00ab. Origines, der von Hieronymus ins Lateinische \u00fcbersetzt wurde, sagt:<\/p>\n<\/div><\/div>\n\n\n\n<p class=\"has-text-align-center\">\u00bbDer Herr ist K\u00f6nig, er hat sich mit Sch\u00f6nheit bekleidet. Das hei\u00dft, er, der zuvor in der Niedrigkeit des Fleisches erzitterte, erstrahlt jetzt in g\u00f6ttlicher Majest\u00e4t.\u00ab Die Wasserfluten, die ihr Brausen erheben, stellen \u00bbdie bedeutenden Gestalten der Propheten und der Apostel\u00ab dar, die \u00bbden Herrn lobpreisen und verherrlichen und seinen Richterspruch in der ganzen Welt verk\u00fcnden\u00ab (vgl.&nbsp;<em>74 omelie sul libro dei Salmi<\/em>, Milano 1993, Ss. 666 \u2013669).&nbsp;<\/p>\n\n\n\n<p class=\"has-text-align-center\">Fortsetzung folgt \u2026<\/p>\n\n\n\n<p class=\"has-text-align-center\">Q.: Papst Johannes-Paul II. am 03.07.2002<\/p>\n","protected":false},"excerpt":{"rendered":"<p>Fortsetzung Wenn die Kirchenv\u00e4ter diesen Psalm kommentieren, beziehen sie ihn gern auf Christus, den \u00bbHerrn und Erl\u00f6ser\u00ab. Origines, der von Hieronymus ins Lateinische \u00fcbersetzt wurde, sagt: \u00bbDer Herr ist K\u00f6nig, er hat sich mit Sch\u00f6nheit bekleidet. Das hei\u00dft, er, der &hellip; <a href=\"https:\/\/ecclesiae.de\/blog\/?p=9268\">Weiterlesen <span class=\"meta-nav\">&rarr;<\/span><\/a><\/p>\n","protected":false},"author":3,"featured_media":0,"comment_status":"open","ping_status":"closed","sticky":false,"template":"","format":"standard","meta":{"footnotes":""},"categories":[1],"tags":[],"class_list":["post-9268","post","type-post","status-publish","format-standard","hentry","category-uncategorized"],"_links":{"self":[{"href":"https:\/\/ecclesiae.de\/blog\/index.php?rest_route=\/wp\/v2\/posts\/9268","targetHints":{"allow":["GET"]}}],"collection":[{"href":"https:\/\/ecclesiae.de\/blog\/index.php?rest_route=\/wp\/v2\/posts"}],"about":[{"href":"https:\/\/ecclesiae.de\/blog\/index.php?rest_route=\/wp\/v2\/types\/post"}],"author":[{"embeddable":true,"href":"https:\/\/ecclesiae.de\/blog\/index.php?rest_route=\/wp\/v2\/users\/3"}],"replies":[{"embeddable":true,"href":"https:\/\/ecclesiae.de\/blog\/index.php?rest_route=%2Fwp%2Fv2%2Fcomments&post=9268"}],"version-history":[{"count":1,"href":"https:\/\/ecclesiae.de\/blog\/index.php?rest_route=\/wp\/v2\/posts\/9268\/revisions"}],"predecessor-version":[{"id":9269,"href":"https:\/\/ecclesiae.de\/blog\/index.php?rest_route=\/wp\/v2\/posts\/9268\/revisions\/9269"}],"wp:attachment":[{"href":"https:\/\/ecclesiae.de\/blog\/index.php?rest_route=%2Fwp%2Fv2%2Fmedia&parent=9268"}],"wp:term":[{"taxonomy":"category","embeddable":true,"href":"https:\/\/ecclesiae.de\/blog\/index.php?rest_route=%2Fwp%2Fv2%2Fcategories&post=9268"},{"taxonomy":"post_tag","embeddable":true,"href":"https:\/\/ecclesiae.de\/blog\/index.php?rest_route=%2Fwp%2Fv2%2Ftags&post=9268"}],"curies":[{"name":"wp","href":"https:\/\/api.w.org\/{rel}","templated":true}]}}