{"id":9270,"date":"2021-07-08T00:01:00","date_gmt":"2021-07-08T00:01:00","guid":{"rendered":"http:\/\/ecclesiae.de\/blog\/?p=9270"},"modified":"2021-05-24T12:49:45","modified_gmt":"2021-05-24T12:49:45","slug":"08-juli-worte-vom-hl-papst-johannes-paul-ii","status":"publish","type":"post","link":"https:\/\/ecclesiae.de\/blog\/?p=9270","title":{"rendered":"08. Juli  &#8211; Worte vom hl. Papst Johannes Paul II."},"content":{"rendered":"\n<div class=\"wp-block-media-text alignwide is-stacked-on-mobile\"><figure class=\"wp-block-media-text__media\"><img loading=\"lazy\" decoding=\"async\" width=\"752\" height=\"1024\" src=\"https:\/\/ecclesiae.de\/blog\/wp-content\/uploads\/2015\/06\/DSCN0039-2-752x1024.jpg\" alt=\"\" class=\"wp-image-3537 size-full\" srcset=\"https:\/\/ecclesiae.de\/blog\/wp-content\/uploads\/2015\/06\/DSCN0039-2-752x1024.jpg 752w, https:\/\/ecclesiae.de\/blog\/wp-content\/uploads\/2015\/06\/DSCN0039-2-220x300.jpg 220w, https:\/\/ecclesiae.de\/blog\/wp-content\/uploads\/2015\/06\/DSCN0039-2.jpg 1052w\" sizes=\"auto, (max-width: 752px) 100vw, 752px\" \/><\/figure><div class=\"wp-block-media-text__content\">\n<p class=\"has-text-align-center\">Fortsetzung<\/p>\n\n\n\n<p class=\"has-text-align-center\">Augustinus deutet das Zeichen der Wasserfluten und Meere noch weiter. Als \u00fcberflutende Wasser, das hei\u00dft gest\u00e4rkt und voll des Heiligen Geistes, haben die Apostel keine Angst mehr und erheben endlich ihre Stimme. Aber \u00bbals Christus von so vielen Stimmen verk\u00fcndet wurde, begann das Meer zu beben\u00ab. Im aufgew\u00fchlten Meer dieser Welt \u2013 schreibt Augustinus \u2013 schien das Schifflein der Kirche gef\u00e4hrlich hin- und herzuschwanken unter den feindlichen Bedrohungen und Verfolgungen, aber \u00bbgewaltiger ist der Herr in der H\u00f6he\u00ab: Er \u00bbging auf dem See und hat die Fluten geb\u00e4ndigt\u00ab (<em>Esposizioni sui salmi<\/em>, III, Roma 1976, S. 231)<\/p>\n\n\n\n<p class=\"has-text-align-center\">Fortsetzung folgt \u2026<\/p>\n\n\n\n<p class=\"has-text-align-center\">Q.: Papst Johannes-Paul II. am 03.07.2002<\/p>\n<\/div><\/div>\n","protected":false},"excerpt":{"rendered":"<p>Fortsetzung Augustinus deutet das Zeichen der Wasserfluten und Meere noch weiter. Als \u00fcberflutende Wasser, das hei\u00dft gest\u00e4rkt und voll des Heiligen Geistes, haben die Apostel keine Angst mehr und erheben endlich ihre Stimme. Aber \u00bbals Christus von so vielen Stimmen &hellip; <a href=\"https:\/\/ecclesiae.de\/blog\/?p=9270\">Weiterlesen <span class=\"meta-nav\">&rarr;<\/span><\/a><\/p>\n","protected":false},"author":3,"featured_media":0,"comment_status":"open","ping_status":"closed","sticky":false,"template":"","format":"standard","meta":{"footnotes":""},"categories":[1],"tags":[],"class_list":["post-9270","post","type-post","status-publish","format-standard","hentry","category-uncategorized"],"_links":{"self":[{"href":"https:\/\/ecclesiae.de\/blog\/index.php?rest_route=\/wp\/v2\/posts\/9270","targetHints":{"allow":["GET"]}}],"collection":[{"href":"https:\/\/ecclesiae.de\/blog\/index.php?rest_route=\/wp\/v2\/posts"}],"about":[{"href":"https:\/\/ecclesiae.de\/blog\/index.php?rest_route=\/wp\/v2\/types\/post"}],"author":[{"embeddable":true,"href":"https:\/\/ecclesiae.de\/blog\/index.php?rest_route=\/wp\/v2\/users\/3"}],"replies":[{"embeddable":true,"href":"https:\/\/ecclesiae.de\/blog\/index.php?rest_route=%2Fwp%2Fv2%2Fcomments&post=9270"}],"version-history":[{"count":1,"href":"https:\/\/ecclesiae.de\/blog\/index.php?rest_route=\/wp\/v2\/posts\/9270\/revisions"}],"predecessor-version":[{"id":9271,"href":"https:\/\/ecclesiae.de\/blog\/index.php?rest_route=\/wp\/v2\/posts\/9270\/revisions\/9271"}],"wp:attachment":[{"href":"https:\/\/ecclesiae.de\/blog\/index.php?rest_route=%2Fwp%2Fv2%2Fmedia&parent=9270"}],"wp:term":[{"taxonomy":"category","embeddable":true,"href":"https:\/\/ecclesiae.de\/blog\/index.php?rest_route=%2Fwp%2Fv2%2Fcategories&post=9270"},{"taxonomy":"post_tag","embeddable":true,"href":"https:\/\/ecclesiae.de\/blog\/index.php?rest_route=%2Fwp%2Fv2%2Ftags&post=9270"}],"curies":[{"name":"wp","href":"https:\/\/api.w.org\/{rel}","templated":true}]}}