{"id":9272,"date":"2021-07-09T00:00:00","date_gmt":"2021-07-09T00:00:00","guid":{"rendered":"http:\/\/ecclesiae.de\/blog\/?p=9272"},"modified":"2021-05-24T12:52:46","modified_gmt":"2021-05-24T12:52:46","slug":"09-juli-worte-vom-hl-papst-johannes-paul-ii","status":"publish","type":"post","link":"https:\/\/ecclesiae.de\/blog\/?p=9272","title":{"rendered":"09. Juli  &#8211; Worte vom hl. Papst Johannes Paul II."},"content":{"rendered":"\n<div class=\"wp-block-media-text alignwide is-stacked-on-mobile\"><figure class=\"wp-block-media-text__media\"><img loading=\"lazy\" decoding=\"async\" width=\"1024\" height=\"892\" src=\"https:\/\/ecclesiae.de\/blog\/wp-content\/uploads\/2015\/06\/DSCN0049-2-1024x892.jpg\" alt=\"\" class=\"wp-image-3543 size-full\" srcset=\"https:\/\/ecclesiae.de\/blog\/wp-content\/uploads\/2015\/06\/DSCN0049-2-1024x892.jpg 1024w, https:\/\/ecclesiae.de\/blog\/wp-content\/uploads\/2015\/06\/DSCN0049-2-300x261.jpg 300w, https:\/\/ecclesiae.de\/blog\/wp-content\/uploads\/2015\/06\/DSCN0049-2-344x300.jpg 344w, https:\/\/ecclesiae.de\/blog\/wp-content\/uploads\/2015\/06\/DSCN0049-2.jpg 1226w\" sizes=\"auto, (max-width: 1024px) 100vw, 1024px\" \/><\/figure><div class=\"wp-block-media-text__content\">\n<p class=\"has-text-align-center\">Fortsetzung<\/p>\n\n\n\n<p class=\"has-text-align-center\">Gott ist Herr \u00fcber alles, allm\u00e4chtig und unbesiegbar; er ist seinem Volk, dem er seine Weisungen erteilt, immer nahe. Das ist der Leitgedanke, den Psalm 93 in seinem letzten Vers anbietet: Auf den h\u00f6chsten Himmelsthron folgt der Thron der Arche des Tempels von Jerusalem. Anstelle der Macht seiner kosmischen Stimme tritt die Milde seines heiligen und unfehlbaren Wortes: \u00bbDeine Gesetze sind fest und verl\u00e4sslich; Herr, deinem Haus geb\u00fchrt Heiligkeit f\u00fcr alle Zeiten\u00ab (V. 5).&nbsp;<\/p>\n<\/div><\/div>\n\n\n\n<p class=\"has-text-align-center\">So endet ein kurzer, aber bewegender Hymnus. Er ist ein Gebet, das den Gl\u00e4ubigen Vertrauen und Hoffnung einfl\u00f6\u00dft, wenn sie oft beunruhigt sind und f\u00fcrchten, von den Umw\u00e4lzungen der Geschichte verschlungen und von dunklen, bedrohlichen M\u00e4chten ergriffen zu werden.&nbsp;<\/p>\n\n\n\n<p class=\"has-text-align-center\">Fortsetzung folgt \u2026<\/p>\n\n\n\n<p class=\"has-text-align-center\">Q.: Papst Johannes-Paul II. am 03.07.2002<\/p>\n","protected":false},"excerpt":{"rendered":"<p>Fortsetzung Gott ist Herr \u00fcber alles, allm\u00e4chtig und unbesiegbar; er ist seinem Volk, dem er seine Weisungen erteilt, immer nahe. Das ist der Leitgedanke, den Psalm 93 in seinem letzten Vers anbietet: Auf den h\u00f6chsten Himmelsthron folgt der Thron der &hellip; <a href=\"https:\/\/ecclesiae.de\/blog\/?p=9272\">Weiterlesen <span class=\"meta-nav\">&rarr;<\/span><\/a><\/p>\n","protected":false},"author":3,"featured_media":0,"comment_status":"open","ping_status":"closed","sticky":false,"template":"","format":"standard","meta":{"footnotes":""},"categories":[1],"tags":[],"class_list":["post-9272","post","type-post","status-publish","format-standard","hentry","category-uncategorized"],"_links":{"self":[{"href":"https:\/\/ecclesiae.de\/blog\/index.php?rest_route=\/wp\/v2\/posts\/9272","targetHints":{"allow":["GET"]}}],"collection":[{"href":"https:\/\/ecclesiae.de\/blog\/index.php?rest_route=\/wp\/v2\/posts"}],"about":[{"href":"https:\/\/ecclesiae.de\/blog\/index.php?rest_route=\/wp\/v2\/types\/post"}],"author":[{"embeddable":true,"href":"https:\/\/ecclesiae.de\/blog\/index.php?rest_route=\/wp\/v2\/users\/3"}],"replies":[{"embeddable":true,"href":"https:\/\/ecclesiae.de\/blog\/index.php?rest_route=%2Fwp%2Fv2%2Fcomments&post=9272"}],"version-history":[{"count":1,"href":"https:\/\/ecclesiae.de\/blog\/index.php?rest_route=\/wp\/v2\/posts\/9272\/revisions"}],"predecessor-version":[{"id":9273,"href":"https:\/\/ecclesiae.de\/blog\/index.php?rest_route=\/wp\/v2\/posts\/9272\/revisions\/9273"}],"wp:attachment":[{"href":"https:\/\/ecclesiae.de\/blog\/index.php?rest_route=%2Fwp%2Fv2%2Fmedia&parent=9272"}],"wp:term":[{"taxonomy":"category","embeddable":true,"href":"https:\/\/ecclesiae.de\/blog\/index.php?rest_route=%2Fwp%2Fv2%2Fcategories&post=9272"},{"taxonomy":"post_tag","embeddable":true,"href":"https:\/\/ecclesiae.de\/blog\/index.php?rest_route=%2Fwp%2Fv2%2Ftags&post=9272"}],"curies":[{"name":"wp","href":"https:\/\/api.w.org\/{rel}","templated":true}]}}