{"id":9274,"date":"2021-07-10T00:01:00","date_gmt":"2021-07-10T00:01:00","guid":{"rendered":"http:\/\/ecclesiae.de\/blog\/?p=9274"},"modified":"2021-05-24T12:54:36","modified_gmt":"2021-05-24T12:54:36","slug":"10-juli-worte-vom-hl-papst-johannes-paul-ii","status":"publish","type":"post","link":"https:\/\/ecclesiae.de\/blog\/?p=9274","title":{"rendered":"10. Juli  &#8211; Worte vom hl. Papst Johannes Paul II."},"content":{"rendered":"\n<div class=\"wp-block-media-text alignwide is-stacked-on-mobile\"><figure class=\"wp-block-media-text__media\"><img loading=\"lazy\" decoding=\"async\" width=\"768\" height=\"1024\" src=\"https:\/\/ecclesiae.de\/blog\/wp-content\/uploads\/2015\/04\/R00152381-768x1024.jpg\" alt=\"\" class=\"wp-image-3308 size-full\" srcset=\"https:\/\/ecclesiae.de\/blog\/wp-content\/uploads\/2015\/04\/R00152381-768x1024.jpg 768w, https:\/\/ecclesiae.de\/blog\/wp-content\/uploads\/2015\/04\/R00152381-225x300.jpg 225w, https:\/\/ecclesiae.de\/blog\/wp-content\/uploads\/2015\/04\/R00152381.jpg 1536w\" sizes=\"auto, (max-width: 768px) 100vw, 768px\" \/><\/figure><div class=\"wp-block-media-text__content\">\n<p>Fortsetzung<\/p>\n\n\n\n<p class=\"has-text-align-center\">Als Widerhall auf diesen Psalm ist die Offenbarung des Johannes zu betrachten, wo der inspirierte Schriftsteller in der Beschreibung der gro\u00dfen Schar im Himmel, die \u00fcber den Untergang Babylons jubelt, bekr\u00e4ftigt: \u00bbDa h\u00f6rte ich etwas wie den Ruf einer gro\u00dfen Schar und das Rauschen gewaltiger Wassermassen und wie das Rollen m\u00e4chtiger Donner: Halleluja! Denn K\u00f6nig geworden ist der Herr, unser Gott\u00ab (19, 6).&nbsp;<\/p>\n\n\n\n<p class=\"has-text-align-center\">Fortsetzung folgt \u2026<\/p>\n\n\n\n<p class=\"has-text-align-center\">Q.: Papst Johannes-Paul II. am 03.07.2002<\/p>\n<\/div><\/div>\n","protected":false},"excerpt":{"rendered":"<p>Fortsetzung Als Widerhall auf diesen Psalm ist die Offenbarung des Johannes zu betrachten, wo der inspirierte Schriftsteller in der Beschreibung der gro\u00dfen Schar im Himmel, die \u00fcber den Untergang Babylons jubelt, bekr\u00e4ftigt: \u00bbDa h\u00f6rte ich etwas wie den Ruf einer &hellip; <a href=\"https:\/\/ecclesiae.de\/blog\/?p=9274\">Weiterlesen <span class=\"meta-nav\">&rarr;<\/span><\/a><\/p>\n","protected":false},"author":3,"featured_media":0,"comment_status":"open","ping_status":"closed","sticky":false,"template":"","format":"standard","meta":{"footnotes":""},"categories":[1],"tags":[],"class_list":["post-9274","post","type-post","status-publish","format-standard","hentry","category-uncategorized"],"_links":{"self":[{"href":"https:\/\/ecclesiae.de\/blog\/index.php?rest_route=\/wp\/v2\/posts\/9274","targetHints":{"allow":["GET"]}}],"collection":[{"href":"https:\/\/ecclesiae.de\/blog\/index.php?rest_route=\/wp\/v2\/posts"}],"about":[{"href":"https:\/\/ecclesiae.de\/blog\/index.php?rest_route=\/wp\/v2\/types\/post"}],"author":[{"embeddable":true,"href":"https:\/\/ecclesiae.de\/blog\/index.php?rest_route=\/wp\/v2\/users\/3"}],"replies":[{"embeddable":true,"href":"https:\/\/ecclesiae.de\/blog\/index.php?rest_route=%2Fwp%2Fv2%2Fcomments&post=9274"}],"version-history":[{"count":1,"href":"https:\/\/ecclesiae.de\/blog\/index.php?rest_route=\/wp\/v2\/posts\/9274\/revisions"}],"predecessor-version":[{"id":9275,"href":"https:\/\/ecclesiae.de\/blog\/index.php?rest_route=\/wp\/v2\/posts\/9274\/revisions\/9275"}],"wp:attachment":[{"href":"https:\/\/ecclesiae.de\/blog\/index.php?rest_route=%2Fwp%2Fv2%2Fmedia&parent=9274"}],"wp:term":[{"taxonomy":"category","embeddable":true,"href":"https:\/\/ecclesiae.de\/blog\/index.php?rest_route=%2Fwp%2Fv2%2Fcategories&post=9274"},{"taxonomy":"post_tag","embeddable":true,"href":"https:\/\/ecclesiae.de\/blog\/index.php?rest_route=%2Fwp%2Fv2%2Ftags&post=9274"}],"curies":[{"name":"wp","href":"https:\/\/api.w.org\/{rel}","templated":true}]}}