{"id":9276,"date":"2021-07-11T00:01:00","date_gmt":"2021-07-11T00:01:00","guid":{"rendered":"http:\/\/ecclesiae.de\/blog\/?p=9276"},"modified":"2021-05-24T12:57:41","modified_gmt":"2021-05-24T12:57:41","slug":"11-juli-worte-vom-hl-papst-johannes-paul-ii","status":"publish","type":"post","link":"https:\/\/ecclesiae.de\/blog\/?p=9276","title":{"rendered":"11. Juli  &#8211; Worte vom hl. Papst Johannes Paul II."},"content":{"rendered":"\n<div class=\"wp-block-media-text alignwide is-stacked-on-mobile\"><figure class=\"wp-block-media-text__media\"><img loading=\"lazy\" decoding=\"async\" width=\"825\" height=\"866\" src=\"https:\/\/ecclesiae.de\/blog\/wp-content\/uploads\/2015\/05\/IMAG0392_BURST019-2.jpg\" alt=\"\" class=\"wp-image-3374 size-full\" srcset=\"https:\/\/ecclesiae.de\/blog\/wp-content\/uploads\/2015\/05\/IMAG0392_BURST019-2.jpg 825w, https:\/\/ecclesiae.de\/blog\/wp-content\/uploads\/2015\/05\/IMAG0392_BURST019-2-286x300.jpg 286w\" sizes=\"auto, (max-width: 825px) 100vw, 825px\" \/><\/figure><div class=\"wp-block-media-text__content\">\n<p class=\"has-text-align-center has-normal-font-size\">Fortsetzung Wir beenden unsere Reflexion \u00fcber Psalm 93, indem wir das Wort an Gregor von Nazianz, den \u00bbTheologen\u00ab schlechthin unter den V\u00e4tern, weitergeben. Wir tun es durch eines seiner sch\u00f6nen Gedichte, in denen der Lobpreis an Gott, den Sch\u00f6pfer und Herrscher, einen dreifaltigen Aspekt annimmt:<\/p>\n<\/div><\/div>\n\n\n\n<p class=\"has-text-align-center\">\u00bbDu [Vater] hast das Universum erschaffen und jedem den Platz zugewiesen, der ihm zukommt; du erh\u00e4ltst ihn kraft deiner Vorsehung \u2026 Dein Wort ist Sohn-Gottes: Er ist wirklich eines Wesens mit dem Vater, ihm an Ehren gleich. Er hat das Universum harmonisch geordnet, um \u00fcber alles zu herrschen. Und indem Gott der Heilige Geist alles umf\u00e4ngt, sorgt er f\u00fcr alles und sch\u00fctzt es. Ich will dich verk\u00fcndigen, lebendige Dreifaltigkeit, eine und einzige Herrscherin, \u2026dich, unersch\u00fctterliche Kraft, die die Himmel festigt, dich, unzug\u00e4ngliches Auge, das das ganze Universum anschaut und die verborgenen Tiefen der Erde bis in den Abgrund kennt. O Vater, sei mir gn\u00e4dig \u2026 Lass mich Erbarmen und Gnade finden, denn dein ist der Ruhm und die Ehre ohne Ende bis in Ewigkeit\u00ab (Carme 31, in:<em>&nbsp;Poesie<\/em>\/1, Roma 1994, Ss. 65 \u201366).&nbsp;<\/p>\n\n\n\n<p class=\"has-text-align-center\">Fortsetzung folgt \u2026<\/p>\n\n\n\n<p class=\"has-text-align-center\">Q.: Papst Johannes-Paul II. am 03.07.2002<\/p>\n","protected":false},"excerpt":{"rendered":"<p>Fortsetzung Wir beenden unsere Reflexion \u00fcber Psalm 93, indem wir das Wort an Gregor von Nazianz, den \u00bbTheologen\u00ab schlechthin unter den V\u00e4tern, weitergeben. Wir tun es durch eines seiner sch\u00f6nen Gedichte, in denen der Lobpreis an Gott, den Sch\u00f6pfer und &hellip; <a href=\"https:\/\/ecclesiae.de\/blog\/?p=9276\">Weiterlesen <span class=\"meta-nav\">&rarr;<\/span><\/a><\/p>\n","protected":false},"author":3,"featured_media":0,"comment_status":"open","ping_status":"closed","sticky":false,"template":"","format":"standard","meta":{"footnotes":""},"categories":[1],"tags":[],"class_list":["post-9276","post","type-post","status-publish","format-standard","hentry","category-uncategorized"],"_links":{"self":[{"href":"https:\/\/ecclesiae.de\/blog\/index.php?rest_route=\/wp\/v2\/posts\/9276","targetHints":{"allow":["GET"]}}],"collection":[{"href":"https:\/\/ecclesiae.de\/blog\/index.php?rest_route=\/wp\/v2\/posts"}],"about":[{"href":"https:\/\/ecclesiae.de\/blog\/index.php?rest_route=\/wp\/v2\/types\/post"}],"author":[{"embeddable":true,"href":"https:\/\/ecclesiae.de\/blog\/index.php?rest_route=\/wp\/v2\/users\/3"}],"replies":[{"embeddable":true,"href":"https:\/\/ecclesiae.de\/blog\/index.php?rest_route=%2Fwp%2Fv2%2Fcomments&post=9276"}],"version-history":[{"count":1,"href":"https:\/\/ecclesiae.de\/blog\/index.php?rest_route=\/wp\/v2\/posts\/9276\/revisions"}],"predecessor-version":[{"id":9277,"href":"https:\/\/ecclesiae.de\/blog\/index.php?rest_route=\/wp\/v2\/posts\/9276\/revisions\/9277"}],"wp:attachment":[{"href":"https:\/\/ecclesiae.de\/blog\/index.php?rest_route=%2Fwp%2Fv2%2Fmedia&parent=9276"}],"wp:term":[{"taxonomy":"category","embeddable":true,"href":"https:\/\/ecclesiae.de\/blog\/index.php?rest_route=%2Fwp%2Fv2%2Fcategories&post=9276"},{"taxonomy":"post_tag","embeddable":true,"href":"https:\/\/ecclesiae.de\/blog\/index.php?rest_route=%2Fwp%2Fv2%2Ftags&post=9276"}],"curies":[{"name":"wp","href":"https:\/\/api.w.org\/{rel}","templated":true}]}}