{"id":9278,"date":"2021-07-12T00:01:00","date_gmt":"2021-07-12T00:01:00","guid":{"rendered":"http:\/\/ecclesiae.de\/blog\/?p=9278"},"modified":"2021-05-24T12:59:57","modified_gmt":"2021-05-24T12:59:57","slug":"12-juli-worte-vom-hl-papst-johannes-paul-ii","status":"publish","type":"post","link":"https:\/\/ecclesiae.de\/blog\/?p=9278","title":{"rendered":"12. Juli  &#8211; Worte vom hl. Papst Johannes Paul II."},"content":{"rendered":"\n<div class=\"wp-block-media-text alignwide is-stacked-on-mobile\"><figure class=\"wp-block-media-text__media\"><img loading=\"lazy\" decoding=\"async\" width=\"1024\" height=\"924\" src=\"https:\/\/ecclesiae.de\/blog\/wp-content\/uploads\/2015\/08\/IMAG1519-2-1024x924.jpg\" alt=\"\" class=\"wp-image-3743 size-full\" srcset=\"https:\/\/ecclesiae.de\/blog\/wp-content\/uploads\/2015\/08\/IMAG1519-2-1024x924.jpg 1024w, https:\/\/ecclesiae.de\/blog\/wp-content\/uploads\/2015\/08\/IMAG1519-2-300x271.jpg 300w, https:\/\/ecclesiae.de\/blog\/wp-content\/uploads\/2015\/08\/IMAG1519-2-332x300.jpg 332w, https:\/\/ecclesiae.de\/blog\/wp-content\/uploads\/2015\/08\/IMAG1519-2.jpg 1684w\" sizes=\"auto, (max-width: 1024px) 100vw, 1024px\" \/><\/figure><div class=\"wp-block-media-text__content\">\n<p class=\"has-text-align-center\">Fortsetzung<\/p>\n\n\n\n<p class=\"has-text-align-center has-normal-font-size\">\u201eDer Herr ist K\u00f6nig, er hat sich mit Hoheit bekleidet und mit Macht umg\u00fcrtet \u2013 gewaltiger als das Tosen der Wasser ist der Herr in der H\u00f6he&#8220; (vgl.&nbsp;<em>Ps<\/em>&nbsp;93, 1. 4). Psalm 93 besingt das K\u00f6nigtum Gottes und seine Erhabenheit \u00fcber die Sch\u00f6pfung.&nbsp;<\/p>\n<\/div><\/div>\n\n\n\n<p class=\"has-text-align-center\">Gottes Hoheit erzeugt im gl\u00e4ubigen Menschen Vertrauen und Hoffnung: Auch die \u201eUnwetter&#8220; der Geschichte und die M\u00e4chte der Finsternis heben die Souver\u00e4nit\u00e4t Gottes \u00fcber das Werk seiner H\u00e4nde nicht auf. Gott bleibt der Herr! Wer ihm vertraut, findet Ruhe auch in Zeiten der Bedr\u00e4ngnis. Darum wissend, beten wir t\u00e4glich im \u201eVaterunser&#8220; um das Kommen seines Reiches. In der Bitte \u201eDein Reich komme!&#8220; bekennen wir uns zum K\u00f6nigtum Gottes, der gewaltiger ist als die Fluten jeder menschlichen Bedrohung.&nbsp;<\/p>\n\n\n\n<p class=\"has-text-align-center\">Q.: Papst Johannes-Paul II. am 03.07.2002<\/p>\n","protected":false},"excerpt":{"rendered":"<p>Fortsetzung \u201eDer Herr ist K\u00f6nig, er hat sich mit Hoheit bekleidet und mit Macht umg\u00fcrtet \u2013 gewaltiger als das Tosen der Wasser ist der Herr in der H\u00f6he&#8220; (vgl.&nbsp;Ps&nbsp;93, 1. 4). Psalm 93 besingt das K\u00f6nigtum Gottes und seine Erhabenheit &hellip; <a href=\"https:\/\/ecclesiae.de\/blog\/?p=9278\">Weiterlesen <span class=\"meta-nav\">&rarr;<\/span><\/a><\/p>\n","protected":false},"author":3,"featured_media":0,"comment_status":"open","ping_status":"closed","sticky":false,"template":"","format":"standard","meta":{"footnotes":""},"categories":[1],"tags":[],"class_list":["post-9278","post","type-post","status-publish","format-standard","hentry","category-uncategorized"],"_links":{"self":[{"href":"https:\/\/ecclesiae.de\/blog\/index.php?rest_route=\/wp\/v2\/posts\/9278","targetHints":{"allow":["GET"]}}],"collection":[{"href":"https:\/\/ecclesiae.de\/blog\/index.php?rest_route=\/wp\/v2\/posts"}],"about":[{"href":"https:\/\/ecclesiae.de\/blog\/index.php?rest_route=\/wp\/v2\/types\/post"}],"author":[{"embeddable":true,"href":"https:\/\/ecclesiae.de\/blog\/index.php?rest_route=\/wp\/v2\/users\/3"}],"replies":[{"embeddable":true,"href":"https:\/\/ecclesiae.de\/blog\/index.php?rest_route=%2Fwp%2Fv2%2Fcomments&post=9278"}],"version-history":[{"count":1,"href":"https:\/\/ecclesiae.de\/blog\/index.php?rest_route=\/wp\/v2\/posts\/9278\/revisions"}],"predecessor-version":[{"id":9279,"href":"https:\/\/ecclesiae.de\/blog\/index.php?rest_route=\/wp\/v2\/posts\/9278\/revisions\/9279"}],"wp:attachment":[{"href":"https:\/\/ecclesiae.de\/blog\/index.php?rest_route=%2Fwp%2Fv2%2Fmedia&parent=9278"}],"wp:term":[{"taxonomy":"category","embeddable":true,"href":"https:\/\/ecclesiae.de\/blog\/index.php?rest_route=%2Fwp%2Fv2%2Fcategories&post=9278"},{"taxonomy":"post_tag","embeddable":true,"href":"https:\/\/ecclesiae.de\/blog\/index.php?rest_route=%2Fwp%2Fv2%2Ftags&post=9278"}],"curies":[{"name":"wp","href":"https:\/\/api.w.org\/{rel}","templated":true}]}}