{"id":9280,"date":"2021-07-13T00:00:00","date_gmt":"2021-07-13T00:00:00","guid":{"rendered":"http:\/\/ecclesiae.de\/blog\/?p=9280"},"modified":"2021-05-24T13:01:41","modified_gmt":"2021-05-24T13:01:41","slug":"13-juli-worte-vom-hl-papst-johannes-paul-ii","status":"publish","type":"post","link":"https:\/\/ecclesiae.de\/blog\/?p=9280","title":{"rendered":"13. Juli  &#8211; Worte vom hl. Papst Johannes Paul II."},"content":{"rendered":"\n<div class=\"wp-block-media-text alignwide is-stacked-on-mobile\"><figure class=\"wp-block-media-text__media\"><img loading=\"lazy\" decoding=\"async\" width=\"247\" height=\"362\" src=\"https:\/\/ecclesiae.de\/blog\/wp-content\/uploads\/2016\/12\/ULF_von_Fatima2-q-af-1.jpg\" alt=\"\" class=\"wp-image-5258 size-full\" srcset=\"https:\/\/ecclesiae.de\/blog\/wp-content\/uploads\/2016\/12\/ULF_von_Fatima2-q-af-1.jpg 247w, https:\/\/ecclesiae.de\/blog\/wp-content\/uploads\/2016\/12\/ULF_von_Fatima2-q-af-1-205x300.jpg 205w\" sizes=\"auto, (max-width: 247px) 100vw, 247px\" \/><\/figure><div class=\"wp-block-media-text__content\">\n<p class=\"has-text-align-center\">In euch begegne ich erl\u00f6sten Menschen, f\u00fcr die Christus sein Blut vergossen hat. Dieses Blut spricht zu euch von der unendlichen Liebe des Vaters und seines Sohnes Jesus Christus, von seiner Liebe f\u00fcr euch und f\u00fcr die gesamte Menschheit. Es ist f\u00fcr euch die Quelle einer Freude, die gr\u00f6\u00dfer ist, als die Welt sie geben kann, n\u00e4mlich die Freude, lieben zu k\u00f6nnen und sich geliebt zu wissen. Dieses Blut gibt euch die Kraft von oben, die notwendig ist, um ein neues Leben zu beginnen.\u201c<\/p>\n\n\n\n<p class=\"has-text-align-center\">Q.: Papst Johannes-Paul II.<\/p>\n<\/div><\/div>\n","protected":false},"excerpt":{"rendered":"<p>In euch begegne ich erl\u00f6sten Menschen, f\u00fcr die Christus sein Blut vergossen hat. Dieses Blut spricht zu euch von der unendlichen Liebe des Vaters und seines Sohnes Jesus Christus, von seiner Liebe f\u00fcr euch und f\u00fcr die gesamte Menschheit. Es &hellip; <a href=\"https:\/\/ecclesiae.de\/blog\/?p=9280\">Weiterlesen <span class=\"meta-nav\">&rarr;<\/span><\/a><\/p>\n","protected":false},"author":3,"featured_media":0,"comment_status":"open","ping_status":"closed","sticky":false,"template":"","format":"standard","meta":{"footnotes":""},"categories":[1],"tags":[],"class_list":["post-9280","post","type-post","status-publish","format-standard","hentry","category-uncategorized"],"_links":{"self":[{"href":"https:\/\/ecclesiae.de\/blog\/index.php?rest_route=\/wp\/v2\/posts\/9280","targetHints":{"allow":["GET"]}}],"collection":[{"href":"https:\/\/ecclesiae.de\/blog\/index.php?rest_route=\/wp\/v2\/posts"}],"about":[{"href":"https:\/\/ecclesiae.de\/blog\/index.php?rest_route=\/wp\/v2\/types\/post"}],"author":[{"embeddable":true,"href":"https:\/\/ecclesiae.de\/blog\/index.php?rest_route=\/wp\/v2\/users\/3"}],"replies":[{"embeddable":true,"href":"https:\/\/ecclesiae.de\/blog\/index.php?rest_route=%2Fwp%2Fv2%2Fcomments&post=9280"}],"version-history":[{"count":1,"href":"https:\/\/ecclesiae.de\/blog\/index.php?rest_route=\/wp\/v2\/posts\/9280\/revisions"}],"predecessor-version":[{"id":9281,"href":"https:\/\/ecclesiae.de\/blog\/index.php?rest_route=\/wp\/v2\/posts\/9280\/revisions\/9281"}],"wp:attachment":[{"href":"https:\/\/ecclesiae.de\/blog\/index.php?rest_route=%2Fwp%2Fv2%2Fmedia&parent=9280"}],"wp:term":[{"taxonomy":"category","embeddable":true,"href":"https:\/\/ecclesiae.de\/blog\/index.php?rest_route=%2Fwp%2Fv2%2Fcategories&post=9280"},{"taxonomy":"post_tag","embeddable":true,"href":"https:\/\/ecclesiae.de\/blog\/index.php?rest_route=%2Fwp%2Fv2%2Ftags&post=9280"}],"curies":[{"name":"wp","href":"https:\/\/api.w.org\/{rel}","templated":true}]}}