{"id":9284,"date":"2021-07-14T00:01:00","date_gmt":"2021-07-14T00:01:00","guid":{"rendered":"http:\/\/ecclesiae.de\/blog\/?p=9284"},"modified":"2021-07-01T13:35:32","modified_gmt":"2021-07-01T13:35:32","slug":"14-juli-worte-vom-hl-papst-johannes-paul-ii","status":"publish","type":"post","link":"https:\/\/ecclesiae.de\/blog\/?p=9284","title":{"rendered":"14. Juli  &#8211; Worte vom hl. Papst Johannes Paul II."},"content":{"rendered":"\n<div class=\"wp-block-media-text alignwide is-stacked-on-mobile\"><figure class=\"wp-block-media-text__media\"><img loading=\"lazy\" decoding=\"async\" width=\"210\" height=\"354\" src=\"https:\/\/ecclesiae.de\/blog\/wp-content\/uploads\/2021\/07\/3849.jpg\" alt=\"\" class=\"wp-image-9283 size-full\" srcset=\"https:\/\/ecclesiae.de\/blog\/wp-content\/uploads\/2021\/07\/3849.jpg 210w, https:\/\/ecclesiae.de\/blog\/wp-content\/uploads\/2021\/07\/3849-178x300.jpg 178w\" sizes=\"auto, (max-width: 210px) 100vw, 210px\" \/><\/figure><div class=\"wp-block-media-text__content\">\n<p class=\"has-text-align-center has-normal-font-size\">Heute m\u00f6chte ich zu Euch \u00fcber den Begriff \u201cHimmel\u201d in der Bibel sprechen. Zun\u00e4chst ist damit ein Teil des Universums gemeint. Im \u00fcbertragenen Sinn aber umschreibt dieses Wort die Wohnung Gottes. Dann wird es zum umfassenderen Bild f\u00fcr das Leben des Menschen in Gott.<br>Im Neuen Testament wird dieser Begriff weiter vertieft und in Zusammenhang mit der Menschwerdung und der Sendung Jesu Christi gebracht. Die Menschen erfahren das Vatersein Gottes durch die Liebe seines Sohnes, der gekreuzigt wurde und in den Himmel aufgefahren ist. Jetzt sitzt er dort zur Rechten des Vaters.<\/p>\n\n\n\n<p class=\"has-text-align-center\">Fortsetzung folgt \u2026<\/p>\n\n\n\n<p class=\"has-text-align-center\">Q.: Papst Johannes-Paul II. am 21.07.1999<\/p>\n<\/div><\/div>\n","protected":false},"excerpt":{"rendered":"<p>Heute m\u00f6chte ich zu Euch \u00fcber den Begriff \u201cHimmel\u201d in der Bibel sprechen. Zun\u00e4chst ist damit ein Teil des Universums gemeint. Im \u00fcbertragenen Sinn aber umschreibt dieses Wort die Wohnung Gottes. Dann wird es zum umfassenderen Bild f\u00fcr das Leben &hellip; <a href=\"https:\/\/ecclesiae.de\/blog\/?p=9284\">Weiterlesen <span class=\"meta-nav\">&rarr;<\/span><\/a><\/p>\n","protected":false},"author":3,"featured_media":0,"comment_status":"open","ping_status":"closed","sticky":false,"template":"","format":"standard","meta":{"footnotes":""},"categories":[1],"tags":[],"class_list":["post-9284","post","type-post","status-publish","format-standard","hentry","category-uncategorized"],"_links":{"self":[{"href":"https:\/\/ecclesiae.de\/blog\/index.php?rest_route=\/wp\/v2\/posts\/9284","targetHints":{"allow":["GET"]}}],"collection":[{"href":"https:\/\/ecclesiae.de\/blog\/index.php?rest_route=\/wp\/v2\/posts"}],"about":[{"href":"https:\/\/ecclesiae.de\/blog\/index.php?rest_route=\/wp\/v2\/types\/post"}],"author":[{"embeddable":true,"href":"https:\/\/ecclesiae.de\/blog\/index.php?rest_route=\/wp\/v2\/users\/3"}],"replies":[{"embeddable":true,"href":"https:\/\/ecclesiae.de\/blog\/index.php?rest_route=%2Fwp%2Fv2%2Fcomments&post=9284"}],"version-history":[{"count":1,"href":"https:\/\/ecclesiae.de\/blog\/index.php?rest_route=\/wp\/v2\/posts\/9284\/revisions"}],"predecessor-version":[{"id":9285,"href":"https:\/\/ecclesiae.de\/blog\/index.php?rest_route=\/wp\/v2\/posts\/9284\/revisions\/9285"}],"wp:attachment":[{"href":"https:\/\/ecclesiae.de\/blog\/index.php?rest_route=%2Fwp%2Fv2%2Fmedia&parent=9284"}],"wp:term":[{"taxonomy":"category","embeddable":true,"href":"https:\/\/ecclesiae.de\/blog\/index.php?rest_route=%2Fwp%2Fv2%2Fcategories&post=9284"},{"taxonomy":"post_tag","embeddable":true,"href":"https:\/\/ecclesiae.de\/blog\/index.php?rest_route=%2Fwp%2Fv2%2Ftags&post=9284"}],"curies":[{"name":"wp","href":"https:\/\/api.w.org\/{rel}","templated":true}]}}