{"id":9290,"date":"2021-07-17T00:01:00","date_gmt":"2021-07-17T00:01:00","guid":{"rendered":"http:\/\/ecclesiae.de\/blog\/?p=9290"},"modified":"2021-07-01T13:40:21","modified_gmt":"2021-07-01T13:40:21","slug":"17-juli-worte-vom-hl-papst-johannes-paul-ii","status":"publish","type":"post","link":"https:\/\/ecclesiae.de\/blog\/?p=9290","title":{"rendered":"17. Juli  &#8211; Worte vom hl. Papst Johannes Paul II."},"content":{"rendered":"\n<div class=\"wp-block-media-text alignwide is-stacked-on-mobile\"><figure class=\"wp-block-media-text__media\"><img loading=\"lazy\" decoding=\"async\" width=\"575\" height=\"1024\" src=\"https:\/\/ecclesiae.de\/blog\/wp-content\/uploads\/2019\/05\/IMG_20190510_144208-575x1024.jpg\" alt=\"\" class=\"wp-image-7376 size-full\" srcset=\"https:\/\/ecclesiae.de\/blog\/wp-content\/uploads\/2019\/05\/IMG_20190510_144208-575x1024.jpg 575w, https:\/\/ecclesiae.de\/blog\/wp-content\/uploads\/2019\/05\/IMG_20190510_144208-168x300.jpg 168w, https:\/\/ecclesiae.de\/blog\/wp-content\/uploads\/2019\/05\/IMG_20190510_144208-768x1368.jpg 768w\" sizes=\"auto, (max-width: 575px) 100vw, 575px\" \/><\/figure><div class=\"wp-block-media-text__content\">\n<p class=\"has-text-align-center\">Heute wollen wir \u00fcber den mystischen Leib Christi, das hei\u00dft \u00fcber die Kirche sprechen, insofern sie vom Heiligen Geist belebt und beseelt wird. Denn die Kirche ist von Anfang an dem Heiligen Geist anvertraut, der sie durch sein Wirken wachsen l\u00e4\u00dft. Seiner Gegenwart verdanken die einzelnen Christen ihr Leben in der Gemeinschaft der Kirche, das mit der Taufe beginnt: \u201dDurch den einen Geist wurden wir in der Taufe alle in einen einzigen Leib aufgenommen\u201d (1&nbsp;<em>Kor<\/em>&nbsp;12,13).<\/p>\n\n\n\n<p class=\"has-text-align-center\">Fortsetzung folgt<\/p>\n\n\n\n<p class=\"has-text-align-center\">Q.: Papst Johannes-Paul II. am 08.07.1998<\/p>\n<\/div><\/div>\n","protected":false},"excerpt":{"rendered":"<p>Heute wollen wir \u00fcber den mystischen Leib Christi, das hei\u00dft \u00fcber die Kirche sprechen, insofern sie vom Heiligen Geist belebt und beseelt wird. Denn die Kirche ist von Anfang an dem Heiligen Geist anvertraut, der sie durch sein Wirken wachsen &hellip; <a href=\"https:\/\/ecclesiae.de\/blog\/?p=9290\">Weiterlesen <span class=\"meta-nav\">&rarr;<\/span><\/a><\/p>\n","protected":false},"author":3,"featured_media":0,"comment_status":"open","ping_status":"closed","sticky":false,"template":"","format":"standard","meta":{"footnotes":""},"categories":[1],"tags":[],"class_list":["post-9290","post","type-post","status-publish","format-standard","hentry","category-uncategorized"],"_links":{"self":[{"href":"https:\/\/ecclesiae.de\/blog\/index.php?rest_route=\/wp\/v2\/posts\/9290","targetHints":{"allow":["GET"]}}],"collection":[{"href":"https:\/\/ecclesiae.de\/blog\/index.php?rest_route=\/wp\/v2\/posts"}],"about":[{"href":"https:\/\/ecclesiae.de\/blog\/index.php?rest_route=\/wp\/v2\/types\/post"}],"author":[{"embeddable":true,"href":"https:\/\/ecclesiae.de\/blog\/index.php?rest_route=\/wp\/v2\/users\/3"}],"replies":[{"embeddable":true,"href":"https:\/\/ecclesiae.de\/blog\/index.php?rest_route=%2Fwp%2Fv2%2Fcomments&post=9290"}],"version-history":[{"count":1,"href":"https:\/\/ecclesiae.de\/blog\/index.php?rest_route=\/wp\/v2\/posts\/9290\/revisions"}],"predecessor-version":[{"id":9291,"href":"https:\/\/ecclesiae.de\/blog\/index.php?rest_route=\/wp\/v2\/posts\/9290\/revisions\/9291"}],"wp:attachment":[{"href":"https:\/\/ecclesiae.de\/blog\/index.php?rest_route=%2Fwp%2Fv2%2Fmedia&parent=9290"}],"wp:term":[{"taxonomy":"category","embeddable":true,"href":"https:\/\/ecclesiae.de\/blog\/index.php?rest_route=%2Fwp%2Fv2%2Fcategories&post=9290"},{"taxonomy":"post_tag","embeddable":true,"href":"https:\/\/ecclesiae.de\/blog\/index.php?rest_route=%2Fwp%2Fv2%2Ftags&post=9290"}],"curies":[{"name":"wp","href":"https:\/\/api.w.org\/{rel}","templated":true}]}}