{"id":9294,"date":"2021-07-19T00:01:00","date_gmt":"2021-07-19T00:01:00","guid":{"rendered":"http:\/\/ecclesiae.de\/blog\/?p=9294"},"modified":"2021-07-01T13:43:58","modified_gmt":"2021-07-01T13:43:58","slug":"19-juli-worte-vom-hl-papst-johannes-paul-ii","status":"publish","type":"post","link":"https:\/\/ecclesiae.de\/blog\/?p=9294","title":{"rendered":"19. Juli  &#8211; Worte vom hl. Papst Johannes Paul II."},"content":{"rendered":"\n<div class=\"wp-block-media-text alignwide is-stacked-on-mobile\"><figure class=\"wp-block-media-text__media\"><img loading=\"lazy\" decoding=\"async\" width=\"579\" height=\"1024\" src=\"https:\/\/ecclesiae.de\/blog\/wp-content\/uploads\/2016\/12\/IMAG1671-579x1024.jpg\" alt=\"\" class=\"wp-image-5171 size-full\" srcset=\"https:\/\/ecclesiae.de\/blog\/wp-content\/uploads\/2016\/12\/IMAG1671-579x1024.jpg 579w, https:\/\/ecclesiae.de\/blog\/wp-content\/uploads\/2016\/12\/IMAG1671-170x300.jpg 170w, https:\/\/ecclesiae.de\/blog\/wp-content\/uploads\/2016\/12\/IMAG1671-768x1358.jpg 768w, https:\/\/ecclesiae.de\/blog\/wp-content\/uploads\/2016\/12\/IMAG1671.jpg 1520w\" sizes=\"auto, (max-width: 579px) 100vw, 579px\" \/><\/figure><div class=\"wp-block-media-text__content\">\n<p class=\"has-text-align-center\">In Fortsetzung der Katechese \u00fcber den Heiligen Geist spreche ich heute \u00fcber den Heiligen Geist als Prinzip der Heiligung.<\/p>\n\n\n\n<p class=\"has-text-align-center\">Der Auferstandene sagt am Osterabend den J\u00fcngern: \u201cEmpfangt den Heiligen Geist! Wem ihr die S\u00fcnden vergebt, dem sind sie vergeben; wem ihr die Vergebung verweigert, dem ist sie verweigert\u201d (<em>Joh<\/em>&nbsp;20,22-23). Unmittelbar auf die Mitteilung des Geistes der Heiligkeit folgt die Vergebung der S\u00fcnden.<\/p>\n\n\n\n<p class=\"has-text-align-center\">Fortsetzung folgt \u2026<\/p>\n\n\n\n<p class=\"has-text-align-center\">Q.: Papst Johannes-Paul II. am 22.07.1998<\/p>\n<\/div><\/div>\n","protected":false},"excerpt":{"rendered":"<p>In Fortsetzung der Katechese \u00fcber den Heiligen Geist spreche ich heute \u00fcber den Heiligen Geist als Prinzip der Heiligung. Der Auferstandene sagt am Osterabend den J\u00fcngern: \u201cEmpfangt den Heiligen Geist! Wem ihr die S\u00fcnden vergebt, dem sind sie vergeben; wem &hellip; <a href=\"https:\/\/ecclesiae.de\/blog\/?p=9294\">Weiterlesen <span class=\"meta-nav\">&rarr;<\/span><\/a><\/p>\n","protected":false},"author":3,"featured_media":0,"comment_status":"open","ping_status":"closed","sticky":false,"template":"","format":"standard","meta":{"footnotes":""},"categories":[1],"tags":[],"class_list":["post-9294","post","type-post","status-publish","format-standard","hentry","category-uncategorized"],"_links":{"self":[{"href":"https:\/\/ecclesiae.de\/blog\/index.php?rest_route=\/wp\/v2\/posts\/9294","targetHints":{"allow":["GET"]}}],"collection":[{"href":"https:\/\/ecclesiae.de\/blog\/index.php?rest_route=\/wp\/v2\/posts"}],"about":[{"href":"https:\/\/ecclesiae.de\/blog\/index.php?rest_route=\/wp\/v2\/types\/post"}],"author":[{"embeddable":true,"href":"https:\/\/ecclesiae.de\/blog\/index.php?rest_route=\/wp\/v2\/users\/3"}],"replies":[{"embeddable":true,"href":"https:\/\/ecclesiae.de\/blog\/index.php?rest_route=%2Fwp%2Fv2%2Fcomments&post=9294"}],"version-history":[{"count":1,"href":"https:\/\/ecclesiae.de\/blog\/index.php?rest_route=\/wp\/v2\/posts\/9294\/revisions"}],"predecessor-version":[{"id":9295,"href":"https:\/\/ecclesiae.de\/blog\/index.php?rest_route=\/wp\/v2\/posts\/9294\/revisions\/9295"}],"wp:attachment":[{"href":"https:\/\/ecclesiae.de\/blog\/index.php?rest_route=%2Fwp%2Fv2%2Fmedia&parent=9294"}],"wp:term":[{"taxonomy":"category","embeddable":true,"href":"https:\/\/ecclesiae.de\/blog\/index.php?rest_route=%2Fwp%2Fv2%2Fcategories&post=9294"},{"taxonomy":"post_tag","embeddable":true,"href":"https:\/\/ecclesiae.de\/blog\/index.php?rest_route=%2Fwp%2Fv2%2Ftags&post=9294"}],"curies":[{"name":"wp","href":"https:\/\/api.w.org\/{rel}","templated":true}]}}