{"id":9298,"date":"2021-07-21T00:01:00","date_gmt":"2021-07-21T00:01:00","guid":{"rendered":"http:\/\/ecclesiae.de\/blog\/?p=9298"},"modified":"2021-07-01T13:46:54","modified_gmt":"2021-07-01T13:46:54","slug":"21-juli-worte-vom-hl-papst-johannes-paul-ii","status":"publish","type":"post","link":"https:\/\/ecclesiae.de\/blog\/?p=9298","title":{"rendered":"21. Juli  &#8211; Worte vom hl. Papst Johannes Paul II."},"content":{"rendered":"\n<div class=\"wp-block-media-text alignwide is-stacked-on-mobile\"><figure class=\"wp-block-media-text__media\"><img loading=\"lazy\" decoding=\"async\" width=\"1024\" height=\"768\" src=\"https:\/\/ecclesiae.de\/blog\/wp-content\/uploads\/2015\/08\/IMG_0871-1024x768.jpg\" alt=\"\" class=\"wp-image-3675 size-full\" srcset=\"https:\/\/ecclesiae.de\/blog\/wp-content\/uploads\/2015\/08\/IMG_0871-1024x768.jpg 1024w, https:\/\/ecclesiae.de\/blog\/wp-content\/uploads\/2015\/08\/IMG_0871-300x225.jpg 300w, https:\/\/ecclesiae.de\/blog\/wp-content\/uploads\/2015\/08\/IMG_0871-400x300.jpg 400w\" sizes=\"auto, (max-width: 1024px) 100vw, 1024px\" \/><\/figure><div class=\"wp-block-media-text__content\">\n<p class=\"has-text-align-center\">Der Heilige Geist f\u00fchrt die Gl\u00e4ubigen zu einer Gemeinschaft zusammen. Mit der pfingstlichen Ausgie\u00dfung des Heiligen Geistes werden die Fundamente der neuen Stadt Jerusalem gelegt, die auf die Liebe gebaut ist. Diese Liebe schafft die br\u00fcderliche Zusammengeh\u00f6rigkeit. Im neu-testamentlichen Bericht der Apostelgeschichte wird dies eindrucksvoll geschildert.<\/p>\n\n\n\n<p class=\"has-text-align-center\">Fortsetzung folgt<\/p>\n\n\n\n<p class=\"has-text-align-center\">Q.: Papst Johannes-Paul II. am 29.07.1998<\/p>\n<\/div><\/div>\n","protected":false},"excerpt":{"rendered":"<p>Der Heilige Geist f\u00fchrt die Gl\u00e4ubigen zu einer Gemeinschaft zusammen. Mit der pfingstlichen Ausgie\u00dfung des Heiligen Geistes werden die Fundamente der neuen Stadt Jerusalem gelegt, die auf die Liebe gebaut ist. Diese Liebe schafft die br\u00fcderliche Zusammengeh\u00f6rigkeit. Im neu-testamentlichen Bericht &hellip; <a href=\"https:\/\/ecclesiae.de\/blog\/?p=9298\">Weiterlesen <span class=\"meta-nav\">&rarr;<\/span><\/a><\/p>\n","protected":false},"author":3,"featured_media":0,"comment_status":"open","ping_status":"closed","sticky":false,"template":"","format":"standard","meta":{"footnotes":""},"categories":[1],"tags":[],"class_list":["post-9298","post","type-post","status-publish","format-standard","hentry","category-uncategorized"],"_links":{"self":[{"href":"https:\/\/ecclesiae.de\/blog\/index.php?rest_route=\/wp\/v2\/posts\/9298","targetHints":{"allow":["GET"]}}],"collection":[{"href":"https:\/\/ecclesiae.de\/blog\/index.php?rest_route=\/wp\/v2\/posts"}],"about":[{"href":"https:\/\/ecclesiae.de\/blog\/index.php?rest_route=\/wp\/v2\/types\/post"}],"author":[{"embeddable":true,"href":"https:\/\/ecclesiae.de\/blog\/index.php?rest_route=\/wp\/v2\/users\/3"}],"replies":[{"embeddable":true,"href":"https:\/\/ecclesiae.de\/blog\/index.php?rest_route=%2Fwp%2Fv2%2Fcomments&post=9298"}],"version-history":[{"count":1,"href":"https:\/\/ecclesiae.de\/blog\/index.php?rest_route=\/wp\/v2\/posts\/9298\/revisions"}],"predecessor-version":[{"id":9299,"href":"https:\/\/ecclesiae.de\/blog\/index.php?rest_route=\/wp\/v2\/posts\/9298\/revisions\/9299"}],"wp:attachment":[{"href":"https:\/\/ecclesiae.de\/blog\/index.php?rest_route=%2Fwp%2Fv2%2Fmedia&parent=9298"}],"wp:term":[{"taxonomy":"category","embeddable":true,"href":"https:\/\/ecclesiae.de\/blog\/index.php?rest_route=%2Fwp%2Fv2%2Fcategories&post=9298"},{"taxonomy":"post_tag","embeddable":true,"href":"https:\/\/ecclesiae.de\/blog\/index.php?rest_route=%2Fwp%2Fv2%2Ftags&post=9298"}],"curies":[{"name":"wp","href":"https:\/\/api.w.org\/{rel}","templated":true}]}}