{"id":9324,"date":"2021-08-03T00:01:00","date_gmt":"2021-08-03T00:01:00","guid":{"rendered":"http:\/\/ecclesiae.de\/blog\/?p=9324"},"modified":"2021-07-02T13:12:16","modified_gmt":"2021-07-02T13:12:16","slug":"03-august-worte-vom-hl-papst-johannes-paul-ii","status":"publish","type":"post","link":"https:\/\/ecclesiae.de\/blog\/?p=9324","title":{"rendered":"03. August  &#8211; Worte vom hl. Papst Johannes Paul II."},"content":{"rendered":"\n<div class=\"wp-block-media-text alignwide is-stacked-on-mobile\"><figure class=\"wp-block-media-text__media\"><img loading=\"lazy\" decoding=\"async\" width=\"541\" height=\"1024\" src=\"https:\/\/ecclesiae.de\/blog\/wp-content\/uploads\/2015\/06\/DSCN0019-2-541x1024.jpg\" alt=\"\" class=\"wp-image-3529 size-full\" srcset=\"https:\/\/ecclesiae.de\/blog\/wp-content\/uploads\/2015\/06\/DSCN0019-2-541x1024.jpg 541w, https:\/\/ecclesiae.de\/blog\/wp-content\/uploads\/2015\/06\/DSCN0019-2-158x300.jpg 158w, https:\/\/ecclesiae.de\/blog\/wp-content\/uploads\/2015\/06\/DSCN0019-2.jpg 784w\" sizes=\"auto, (max-width: 541px) 100vw, 541px\" \/><\/figure><div class=\"wp-block-media-text__content\">\n<p class=\"has-text-align-center\">Fortsetzung<\/p>\n\n\n\n<p class=\"has-text-align-center\">Das gemeinsame Streben nach Gott ist ein Geschenk des Heiligen Geistes. Es gibt zahlreiche Strahlen der g\u00f6ttlichen Weisheit: die vielf\u00e4ltigen Formen des Gebetes; das Leben nach den Geboten, die dem Moralgesetz entsprechen; das wahrhaftige Gesp\u00fcr f\u00fcr das Religi\u00f6se und viele andere mehr.<\/p>\n\n\n\n<p class=\"has-text-align-center\">Fortsetzung folgt<\/p>\n\n\n\n<p class=\"has-text-align-center\">Q.: Papst Johannes-Paul II. am 09.09.1998<\/p>\n<\/div><\/div>\n","protected":false},"excerpt":{"rendered":"<p>Fortsetzung Das gemeinsame Streben nach Gott ist ein Geschenk des Heiligen Geistes. Es gibt zahlreiche Strahlen der g\u00f6ttlichen Weisheit: die vielf\u00e4ltigen Formen des Gebetes; das Leben nach den Geboten, die dem Moralgesetz entsprechen; das wahrhaftige Gesp\u00fcr f\u00fcr das Religi\u00f6se und &hellip; <a href=\"https:\/\/ecclesiae.de\/blog\/?p=9324\">Weiterlesen <span class=\"meta-nav\">&rarr;<\/span><\/a><\/p>\n","protected":false},"author":3,"featured_media":0,"comment_status":"open","ping_status":"closed","sticky":false,"template":"","format":"standard","meta":{"footnotes":""},"categories":[1],"tags":[],"class_list":["post-9324","post","type-post","status-publish","format-standard","hentry","category-uncategorized"],"_links":{"self":[{"href":"https:\/\/ecclesiae.de\/blog\/index.php?rest_route=\/wp\/v2\/posts\/9324","targetHints":{"allow":["GET"]}}],"collection":[{"href":"https:\/\/ecclesiae.de\/blog\/index.php?rest_route=\/wp\/v2\/posts"}],"about":[{"href":"https:\/\/ecclesiae.de\/blog\/index.php?rest_route=\/wp\/v2\/types\/post"}],"author":[{"embeddable":true,"href":"https:\/\/ecclesiae.de\/blog\/index.php?rest_route=\/wp\/v2\/users\/3"}],"replies":[{"embeddable":true,"href":"https:\/\/ecclesiae.de\/blog\/index.php?rest_route=%2Fwp%2Fv2%2Fcomments&post=9324"}],"version-history":[{"count":1,"href":"https:\/\/ecclesiae.de\/blog\/index.php?rest_route=\/wp\/v2\/posts\/9324\/revisions"}],"predecessor-version":[{"id":9325,"href":"https:\/\/ecclesiae.de\/blog\/index.php?rest_route=\/wp\/v2\/posts\/9324\/revisions\/9325"}],"wp:attachment":[{"href":"https:\/\/ecclesiae.de\/blog\/index.php?rest_route=%2Fwp%2Fv2%2Fmedia&parent=9324"}],"wp:term":[{"taxonomy":"category","embeddable":true,"href":"https:\/\/ecclesiae.de\/blog\/index.php?rest_route=%2Fwp%2Fv2%2Fcategories&post=9324"},{"taxonomy":"post_tag","embeddable":true,"href":"https:\/\/ecclesiae.de\/blog\/index.php?rest_route=%2Fwp%2Fv2%2Ftags&post=9324"}],"curies":[{"name":"wp","href":"https:\/\/api.w.org\/{rel}","templated":true}]}}