{"id":9326,"date":"2021-08-04T00:01:00","date_gmt":"2021-08-04T00:01:00","guid":{"rendered":"http:\/\/ecclesiae.de\/blog\/?p=9326"},"modified":"2021-07-02T13:14:05","modified_gmt":"2021-07-02T13:14:05","slug":"04-august-worte-vom-hl-papst-johannes-paul-ii","status":"publish","type":"post","link":"https:\/\/ecclesiae.de\/blog\/?p=9326","title":{"rendered":"04. August  &#8211; Worte vom hl. Papst Johannes Paul II."},"content":{"rendered":"\n<div class=\"wp-block-media-text alignwide is-stacked-on-mobile\"><figure class=\"wp-block-media-text__media\"><img loading=\"lazy\" decoding=\"async\" width=\"450\" height=\"600\" src=\"https:\/\/ecclesiae.de\/blog\/wp-content\/uploads\/2015\/03\/450px-StJosef.jpg\" alt=\"\" class=\"wp-image-3193 size-full\" srcset=\"https:\/\/ecclesiae.de\/blog\/wp-content\/uploads\/2015\/03\/450px-StJosef.jpg 450w, https:\/\/ecclesiae.de\/blog\/wp-content\/uploads\/2015\/03\/450px-StJosef-225x300.jpg 225w\" sizes=\"auto, (max-width: 450px) 100vw, 450px\" \/><\/figure><div class=\"wp-block-media-text__content\">\n<p class=\"has-text-align-center\">Fortsetzung<\/p>\n\n\n\n<p class=\"has-text-align-center\">Dem entspricht die Haltung, die von der Kirche und jedem Christen gegen\u00fcber Anh\u00e4ngern anderer Religionen verlangt wird: gegenseitiger Respekt, tiefe Sympathie und &#8211; wenn m\u00f6glich &#8211; auch herzliche Zusammenarbeit. Dadurch wird aber die Mission nicht \u00fcberfl\u00fcssig. Denn als Christen d\u00fcrfen wir nicht vergessen: Jesus Christus ist der einzige Mittler und Erl\u00f6ser der Menschheit.<\/p>\n\n\n\n<p class=\"has-text-align-center\">Q.: Papst Johannes-Paul II. am 09.09.1998<\/p>\n<\/div><\/div>\n","protected":false},"excerpt":{"rendered":"<p>Fortsetzung Dem entspricht die Haltung, die von der Kirche und jedem Christen gegen\u00fcber Anh\u00e4ngern anderer Religionen verlangt wird: gegenseitiger Respekt, tiefe Sympathie und &#8211; wenn m\u00f6glich &#8211; auch herzliche Zusammenarbeit. Dadurch wird aber die Mission nicht \u00fcberfl\u00fcssig. Denn als Christen &hellip; <a href=\"https:\/\/ecclesiae.de\/blog\/?p=9326\">Weiterlesen <span class=\"meta-nav\">&rarr;<\/span><\/a><\/p>\n","protected":false},"author":3,"featured_media":0,"comment_status":"open","ping_status":"closed","sticky":false,"template":"","format":"standard","meta":{"footnotes":""},"categories":[1],"tags":[],"class_list":["post-9326","post","type-post","status-publish","format-standard","hentry","category-uncategorized"],"_links":{"self":[{"href":"https:\/\/ecclesiae.de\/blog\/index.php?rest_route=\/wp\/v2\/posts\/9326","targetHints":{"allow":["GET"]}}],"collection":[{"href":"https:\/\/ecclesiae.de\/blog\/index.php?rest_route=\/wp\/v2\/posts"}],"about":[{"href":"https:\/\/ecclesiae.de\/blog\/index.php?rest_route=\/wp\/v2\/types\/post"}],"author":[{"embeddable":true,"href":"https:\/\/ecclesiae.de\/blog\/index.php?rest_route=\/wp\/v2\/users\/3"}],"replies":[{"embeddable":true,"href":"https:\/\/ecclesiae.de\/blog\/index.php?rest_route=%2Fwp%2Fv2%2Fcomments&post=9326"}],"version-history":[{"count":1,"href":"https:\/\/ecclesiae.de\/blog\/index.php?rest_route=\/wp\/v2\/posts\/9326\/revisions"}],"predecessor-version":[{"id":9327,"href":"https:\/\/ecclesiae.de\/blog\/index.php?rest_route=\/wp\/v2\/posts\/9326\/revisions\/9327"}],"wp:attachment":[{"href":"https:\/\/ecclesiae.de\/blog\/index.php?rest_route=%2Fwp%2Fv2%2Fmedia&parent=9326"}],"wp:term":[{"taxonomy":"category","embeddable":true,"href":"https:\/\/ecclesiae.de\/blog\/index.php?rest_route=%2Fwp%2Fv2%2Fcategories&post=9326"},{"taxonomy":"post_tag","embeddable":true,"href":"https:\/\/ecclesiae.de\/blog\/index.php?rest_route=%2Fwp%2Fv2%2Ftags&post=9326"}],"curies":[{"name":"wp","href":"https:\/\/api.w.org\/{rel}","templated":true}]}}