{"id":9328,"date":"2021-08-05T00:01:00","date_gmt":"2021-08-05T00:01:00","guid":{"rendered":"http:\/\/ecclesiae.de\/blog\/?p=9328"},"modified":"2021-08-04T06:52:50","modified_gmt":"2021-08-04T06:52:50","slug":"05-august-worte-vom-hl-papst-johannes-paul-ii","status":"publish","type":"post","link":"https:\/\/ecclesiae.de\/blog\/?p=9328","title":{"rendered":"05. August  &#8211; Worte vom hl. Papst Johannes Paul II."},"content":{"rendered":"\n<div class=\"wp-block-media-text alignwide is-stacked-on-mobile\"><figure class=\"wp-block-media-text__media\"><img loading=\"lazy\" decoding=\"async\" width=\"1001\" height=\"1024\" src=\"https:\/\/ecclesiae.de\/blog\/wp-content\/uploads\/2021\/08\/Blumen-1001x1024.jpg\" alt=\"\" class=\"wp-image-9411 size-full\" srcset=\"https:\/\/ecclesiae.de\/blog\/wp-content\/uploads\/2021\/08\/Blumen-1001x1024.jpg 1001w, https:\/\/ecclesiae.de\/blog\/wp-content\/uploads\/2021\/08\/Blumen-293x300.jpg 293w, https:\/\/ecclesiae.de\/blog\/wp-content\/uploads\/2021\/08\/Blumen-768x786.jpg 768w, https:\/\/ecclesiae.de\/blog\/wp-content\/uploads\/2021\/08\/Blumen-1501x1536.jpg 1501w, https:\/\/ecclesiae.de\/blog\/wp-content\/uploads\/2021\/08\/Blumen.jpg 1666w\" sizes=\"auto, (max-width: 1001px) 100vw, 1001px\" \/><\/figure><div class=\"wp-block-media-text__content\">\n<p class=\"has-text-align-center\">In Fortsetzung der Katechese \u00fcber den Heiligen Geist spreche ich heute \u00fcber seine Gegenwart in den \u201cSamen der Wahrheit\u201d.<\/p>\n\n\n\n<p class=\"has-text-align-center\">Die F\u00fclle der Wahrheit, die in Jesus Christus Wirklichkeit wurde, ist schon im Alten Testament vorausverk\u00fcndet worden. Sie bezieht sich nicht nur auf die Gl\u00e4ubigen, sondern, in geheimnisvoller Weise, auf alle, die zwar das Evangelium Christi und seine Kirche ohne Schuld nicht kennen, aber Gott aus ehrlichem Herzen suchen. Sie sind bestrebt, den Willen, den sie im Gewissen vernehmen, unter dem Einflu\u00df der Gnade in die Tat umzusetzen (vgl.&nbsp;<em>LG<\/em>&nbsp;16).<\/p>\n\n\n\n<p class=\"has-text-align-center\">Fortsetzung folgt \u2026<\/p>\n\n\n\n<p class=\"has-text-align-center\">Q.: Papst Johannes-Paul II. am 16.09.1998<\/p>\n<\/div><\/div>\n","protected":false},"excerpt":{"rendered":"<p>In Fortsetzung der Katechese \u00fcber den Heiligen Geist spreche ich heute \u00fcber seine Gegenwart in den \u201cSamen der Wahrheit\u201d. Die F\u00fclle der Wahrheit, die in Jesus Christus Wirklichkeit wurde, ist schon im Alten Testament vorausverk\u00fcndet worden. Sie bezieht sich nicht &hellip; <a href=\"https:\/\/ecclesiae.de\/blog\/?p=9328\">Weiterlesen <span class=\"meta-nav\">&rarr;<\/span><\/a><\/p>\n","protected":false},"author":3,"featured_media":0,"comment_status":"open","ping_status":"closed","sticky":false,"template":"","format":"standard","meta":{"footnotes":""},"categories":[1],"tags":[],"class_list":["post-9328","post","type-post","status-publish","format-standard","hentry","category-uncategorized"],"_links":{"self":[{"href":"https:\/\/ecclesiae.de\/blog\/index.php?rest_route=\/wp\/v2\/posts\/9328","targetHints":{"allow":["GET"]}}],"collection":[{"href":"https:\/\/ecclesiae.de\/blog\/index.php?rest_route=\/wp\/v2\/posts"}],"about":[{"href":"https:\/\/ecclesiae.de\/blog\/index.php?rest_route=\/wp\/v2\/types\/post"}],"author":[{"embeddable":true,"href":"https:\/\/ecclesiae.de\/blog\/index.php?rest_route=\/wp\/v2\/users\/3"}],"replies":[{"embeddable":true,"href":"https:\/\/ecclesiae.de\/blog\/index.php?rest_route=%2Fwp%2Fv2%2Fcomments&post=9328"}],"version-history":[{"count":2,"href":"https:\/\/ecclesiae.de\/blog\/index.php?rest_route=\/wp\/v2\/posts\/9328\/revisions"}],"predecessor-version":[{"id":9412,"href":"https:\/\/ecclesiae.de\/blog\/index.php?rest_route=\/wp\/v2\/posts\/9328\/revisions\/9412"}],"wp:attachment":[{"href":"https:\/\/ecclesiae.de\/blog\/index.php?rest_route=%2Fwp%2Fv2%2Fmedia&parent=9328"}],"wp:term":[{"taxonomy":"category","embeddable":true,"href":"https:\/\/ecclesiae.de\/blog\/index.php?rest_route=%2Fwp%2Fv2%2Fcategories&post=9328"},{"taxonomy":"post_tag","embeddable":true,"href":"https:\/\/ecclesiae.de\/blog\/index.php?rest_route=%2Fwp%2Fv2%2Ftags&post=9328"}],"curies":[{"name":"wp","href":"https:\/\/api.w.org\/{rel}","templated":true}]}}