{"id":9330,"date":"2021-08-06T00:01:00","date_gmt":"2021-08-06T00:01:00","guid":{"rendered":"http:\/\/ecclesiae.de\/blog\/?p=9330"},"modified":"2021-07-02T13:17:45","modified_gmt":"2021-07-02T13:17:45","slug":"06-august-worte-vom-hl-papst-johannes-paul-ii","status":"publish","type":"post","link":"https:\/\/ecclesiae.de\/blog\/?p=9330","title":{"rendered":"06. August  &#8211; Worte vom hl. Papst Johannes Paul II."},"content":{"rendered":"\n<div class=\"wp-block-media-text alignwide is-stacked-on-mobile\"><figure class=\"wp-block-media-text__media\"><img loading=\"lazy\" decoding=\"async\" width=\"1024\" height=\"768\" src=\"https:\/\/ecclesiae.de\/blog\/wp-content\/uploads\/2015\/10\/Kinder-laufen-1024x768.jpg\" alt=\"\" class=\"wp-image-3891 size-full\" srcset=\"https:\/\/ecclesiae.de\/blog\/wp-content\/uploads\/2015\/10\/Kinder-laufen-1024x768.jpg 1024w, https:\/\/ecclesiae.de\/blog\/wp-content\/uploads\/2015\/10\/Kinder-laufen-300x225.jpg 300w, https:\/\/ecclesiae.de\/blog\/wp-content\/uploads\/2015\/10\/Kinder-laufen-400x300.jpg 400w, https:\/\/ecclesiae.de\/blog\/wp-content\/uploads\/2015\/10\/Kinder-laufen.jpg 2048w\" sizes=\"auto, (max-width: 1024px) 100vw, 1024px\" \/><\/figure><div class=\"wp-block-media-text__content\">\n<p class=\"has-text-align-center\">Fortsetzung<\/p>\n\n\n\n<p class=\"has-text-align-center\">Darum kann es die Kirche nur sch\u00e4tzen, wenn der Mensch in seinen Gedanken wahrhaftig nach der Wahrheit sucht und dabei auch das Erbe w\u00fcrdigt, das die verschiedenen Kulturen hervorgebracht haben. Darin dr\u00fcckt sich der Reichtum der menschlichen Sch\u00f6pfungskraft aus, die unter der Leitung des Heiligen Geistes nach der F\u00fclle der Wahrheit strebt.<\/p>\n\n\n\n<p class=\"has-text-align-center\">Q.: Papst Johannes-Paul II. am 16.09.1998<\/p>\n<\/div><\/div>\n","protected":false},"excerpt":{"rendered":"<p>Fortsetzung Darum kann es die Kirche nur sch\u00e4tzen, wenn der Mensch in seinen Gedanken wahrhaftig nach der Wahrheit sucht und dabei auch das Erbe w\u00fcrdigt, das die verschiedenen Kulturen hervorgebracht haben. Darin dr\u00fcckt sich der Reichtum der menschlichen Sch\u00f6pfungskraft aus, &hellip; <a href=\"https:\/\/ecclesiae.de\/blog\/?p=9330\">Weiterlesen <span class=\"meta-nav\">&rarr;<\/span><\/a><\/p>\n","protected":false},"author":3,"featured_media":0,"comment_status":"open","ping_status":"closed","sticky":false,"template":"","format":"standard","meta":{"footnotes":""},"categories":[1],"tags":[],"class_list":["post-9330","post","type-post","status-publish","format-standard","hentry","category-uncategorized"],"_links":{"self":[{"href":"https:\/\/ecclesiae.de\/blog\/index.php?rest_route=\/wp\/v2\/posts\/9330","targetHints":{"allow":["GET"]}}],"collection":[{"href":"https:\/\/ecclesiae.de\/blog\/index.php?rest_route=\/wp\/v2\/posts"}],"about":[{"href":"https:\/\/ecclesiae.de\/blog\/index.php?rest_route=\/wp\/v2\/types\/post"}],"author":[{"embeddable":true,"href":"https:\/\/ecclesiae.de\/blog\/index.php?rest_route=\/wp\/v2\/users\/3"}],"replies":[{"embeddable":true,"href":"https:\/\/ecclesiae.de\/blog\/index.php?rest_route=%2Fwp%2Fv2%2Fcomments&post=9330"}],"version-history":[{"count":1,"href":"https:\/\/ecclesiae.de\/blog\/index.php?rest_route=\/wp\/v2\/posts\/9330\/revisions"}],"predecessor-version":[{"id":9331,"href":"https:\/\/ecclesiae.de\/blog\/index.php?rest_route=\/wp\/v2\/posts\/9330\/revisions\/9331"}],"wp:attachment":[{"href":"https:\/\/ecclesiae.de\/blog\/index.php?rest_route=%2Fwp%2Fv2%2Fmedia&parent=9330"}],"wp:term":[{"taxonomy":"category","embeddable":true,"href":"https:\/\/ecclesiae.de\/blog\/index.php?rest_route=%2Fwp%2Fv2%2Fcategories&post=9330"},{"taxonomy":"post_tag","embeddable":true,"href":"https:\/\/ecclesiae.de\/blog\/index.php?rest_route=%2Fwp%2Fv2%2Ftags&post=9330"}],"curies":[{"name":"wp","href":"https:\/\/api.w.org\/{rel}","templated":true}]}}