{"id":9336,"date":"2021-08-09T00:01:00","date_gmt":"2021-08-09T00:01:00","guid":{"rendered":"http:\/\/ecclesiae.de\/blog\/?p=9336"},"modified":"2021-07-02T13:23:40","modified_gmt":"2021-07-02T13:23:40","slug":"09-august-worte-vom-hl-papst-johannes-paul-ii","status":"publish","type":"post","link":"https:\/\/ecclesiae.de\/blog\/?p=9336","title":{"rendered":"09. August  &#8211; Worte vom hl. Papst Johannes Paul II."},"content":{"rendered":"\n<div class=\"wp-block-media-text alignwide is-stacked-on-mobile\"><figure class=\"wp-block-media-text__media\"><img loading=\"lazy\" decoding=\"async\" width=\"1024\" height=\"575\" src=\"https:\/\/ecclesiae.de\/blog\/wp-content\/uploads\/2016\/07\/IMG_20160726_122254-1024x575.jpg\" alt=\"\" class=\"wp-image-4812 size-full\" srcset=\"https:\/\/ecclesiae.de\/blog\/wp-content\/uploads\/2016\/07\/IMG_20160726_122254-1024x575.jpg 1024w, https:\/\/ecclesiae.de\/blog\/wp-content\/uploads\/2016\/07\/IMG_20160726_122254-300x168.jpg 300w, https:\/\/ecclesiae.de\/blog\/wp-content\/uploads\/2016\/07\/IMG_20160726_122254-768x431.jpg 768w, https:\/\/ecclesiae.de\/blog\/wp-content\/uploads\/2016\/07\/IMG_20160726_122254-500x281.jpg 500w\" sizes=\"auto, (max-width: 1024px) 100vw, 1024px\" \/><\/figure><div class=\"wp-block-media-text__content\">\n<p class=\"has-text-align-center\"><strong><em>,,Morgengebet in der Not&#8220;<\/em><\/strong><em><br><\/em>(Lesung: aus dem&nbsp;<em>Psalm<\/em>&nbsp;57)<\/p>\n\n\n\n<p class=\"has-text-align-center\">Es ist eine finstere Nacht, in der man gefr\u00e4\u00dfige Tiere umherschleichen h\u00f6rt. Der Betende wartet auf den Sonnenaufgang, damit das Licht die Finsternis und die \u00c4ngste \u00fcberwinde. Dies ist der Hintergrund des&nbsp;<em>Psalms<\/em>&nbsp;57, der uns heute zur Betrachtung vorgeschlagen wird: ein n\u00e4chtlicher Gesang, der den Betenden auf das Licht der Morgenr\u00f6te vorbereitet, das er sehnlichst erwartet, um den Herrn freudig loben zu k\u00f6nnen (vgl. V. 9 \u2013 12). In der Tat geht der Psalm von einer dramatischen, an Gott gerichteten Klage in zuversichtliche Hoffnung und freudigen Dank \u00fcber; letzterer wird mit den Worten ge\u00e4u\u00dfert, die nochmals an anderer Stelle, in einem anderen Psalm, erklingen werden (vgl.&nbsp;<em>Ps<\/em>&nbsp;108, 2 \u2013 6).&nbsp;<\/p>\n\n\n\n<p class=\"has-text-align-center\">Fortsetzung folgt \u2026<\/p>\n\n\n\n<p class=\"has-text-align-center\">Q.: Papst Johannes-Paul II. am 19.09.2001<\/p>\n<\/div><\/div>\n","protected":false},"excerpt":{"rendered":"<p>,,Morgengebet in der Not&#8220;(Lesung: aus dem&nbsp;Psalm&nbsp;57) Es ist eine finstere Nacht, in der man gefr\u00e4\u00dfige Tiere umherschleichen h\u00f6rt. Der Betende wartet auf den Sonnenaufgang, damit das Licht die Finsternis und die \u00c4ngste \u00fcberwinde. Dies ist der Hintergrund des&nbsp;Psalms&nbsp;57, der uns &hellip; <a href=\"https:\/\/ecclesiae.de\/blog\/?p=9336\">Weiterlesen <span class=\"meta-nav\">&rarr;<\/span><\/a><\/p>\n","protected":false},"author":3,"featured_media":0,"comment_status":"open","ping_status":"closed","sticky":false,"template":"","format":"standard","meta":{"footnotes":""},"categories":[1],"tags":[],"class_list":["post-9336","post","type-post","status-publish","format-standard","hentry","category-uncategorized"],"_links":{"self":[{"href":"https:\/\/ecclesiae.de\/blog\/index.php?rest_route=\/wp\/v2\/posts\/9336","targetHints":{"allow":["GET"]}}],"collection":[{"href":"https:\/\/ecclesiae.de\/blog\/index.php?rest_route=\/wp\/v2\/posts"}],"about":[{"href":"https:\/\/ecclesiae.de\/blog\/index.php?rest_route=\/wp\/v2\/types\/post"}],"author":[{"embeddable":true,"href":"https:\/\/ecclesiae.de\/blog\/index.php?rest_route=\/wp\/v2\/users\/3"}],"replies":[{"embeddable":true,"href":"https:\/\/ecclesiae.de\/blog\/index.php?rest_route=%2Fwp%2Fv2%2Fcomments&post=9336"}],"version-history":[{"count":1,"href":"https:\/\/ecclesiae.de\/blog\/index.php?rest_route=\/wp\/v2\/posts\/9336\/revisions"}],"predecessor-version":[{"id":9337,"href":"https:\/\/ecclesiae.de\/blog\/index.php?rest_route=\/wp\/v2\/posts\/9336\/revisions\/9337"}],"wp:attachment":[{"href":"https:\/\/ecclesiae.de\/blog\/index.php?rest_route=%2Fwp%2Fv2%2Fmedia&parent=9336"}],"wp:term":[{"taxonomy":"category","embeddable":true,"href":"https:\/\/ecclesiae.de\/blog\/index.php?rest_route=%2Fwp%2Fv2%2Fcategories&post=9336"},{"taxonomy":"post_tag","embeddable":true,"href":"https:\/\/ecclesiae.de\/blog\/index.php?rest_route=%2Fwp%2Fv2%2Ftags&post=9336"}],"curies":[{"name":"wp","href":"https:\/\/api.w.org\/{rel}","templated":true}]}}