{"id":9340,"date":"2021-08-11T00:01:00","date_gmt":"2021-08-11T00:01:00","guid":{"rendered":"http:\/\/ecclesiae.de\/blog\/?p=9340"},"modified":"2021-07-05T11:48:59","modified_gmt":"2021-07-05T11:48:59","slug":"11-august-worte-vom-hl-papst-johannes-paul-ii","status":"publish","type":"post","link":"https:\/\/ecclesiae.de\/blog\/?p=9340","title":{"rendered":"11. August  &#8211; Worte vom hl. Papst Johannes Paul II."},"content":{"rendered":"\n<div class=\"wp-block-media-text alignwide is-stacked-on-mobile\"><figure class=\"wp-block-media-text__media\"><img loading=\"lazy\" decoding=\"async\" width=\"498\" height=\"1024\" src=\"https:\/\/ecclesiae.de\/blog\/wp-content\/uploads\/2021\/07\/20210704_084755-498x1024.jpg\" alt=\"\" class=\"wp-image-9345 size-full\" srcset=\"https:\/\/ecclesiae.de\/blog\/wp-content\/uploads\/2021\/07\/20210704_084755-498x1024.jpg 498w, https:\/\/ecclesiae.de\/blog\/wp-content\/uploads\/2021\/07\/20210704_084755-146x300.jpg 146w, https:\/\/ecclesiae.de\/blog\/wp-content\/uploads\/2021\/07\/20210704_084755-768x1580.jpg 768w, https:\/\/ecclesiae.de\/blog\/wp-content\/uploads\/2021\/07\/20210704_084755-747x1536.jpg 747w, https:\/\/ecclesiae.de\/blog\/wp-content\/uploads\/2021\/07\/20210704_084755-996x2048.jpg 996w, https:\/\/ecclesiae.de\/blog\/wp-content\/uploads\/2021\/07\/20210704_084755-scaled.jpg 1244w\" sizes=\"auto, (max-width: 498px) 100vw, 498px\" \/><\/figure><div class=\"wp-block-media-text__content\">\n<p class=\"has-text-align-center\">Fortsetzung \u2026<\/p>\n\n\n\n<p class=\"has-text-align-center\">2. Unsere Betrachtungen konzentrieren sich auf zwei Aspekte des Psalms 57. Der erste betrifft die Erfahrung der Angst angesichts der Offensive durch das B\u00f6se, das den Gerechten zu treffen versucht (vgl. V. 2 \u20137). Im Mittelpunkt dieser Szene stehen L\u00f6wen in Angriffsstellung. Schon bald wird dieses Bild in ein Kriegssymbol verwandelt, mit Spie\u00dfen, Pfeilen und Schwertern umschrieben. Der Betende f\u00fchlt sich von einer Art \u00bbTodesschwadron\u00ab \u00fcberfallen. Um ihn kreist eine J\u00e4gerbande, die Fallen stellt und Gruben gr\u00e4bt, um ihre Beute zu fangen. Diese gespannte Atmosph\u00e4re wird aber unmittelbar darauf gel\u00f6st, denn schon am Anfang (vgl. V. 2) erscheint das sch\u00fctzende Symbol der Fl\u00fcgel Gottes, die konkret auf die Bundeslade mit den gefl\u00fcgelten Cherubim verweisen, also auf die Gegenwart Gottes an der Seite der Gl\u00e4ubigen im heiligen Tempel von Zion.&nbsp;<\/p>\n\n\n\n<p class=\"has-text-align-center\">Fortsetzung folgt \u2026<\/p>\n\n\n\n<p class=\"has-text-align-center\">Q.: Papst Johannes-Paul II. am 19.09.2001<\/p>\n<\/div><\/div>\n","protected":false},"excerpt":{"rendered":"<p>Fortsetzung \u2026 2. Unsere Betrachtungen konzentrieren sich auf zwei Aspekte des Psalms 57. Der erste betrifft die Erfahrung der Angst angesichts der Offensive durch das B\u00f6se, das den Gerechten zu treffen versucht (vgl. V. 2 \u20137). Im Mittelpunkt dieser Szene &hellip; <a href=\"https:\/\/ecclesiae.de\/blog\/?p=9340\">Weiterlesen <span class=\"meta-nav\">&rarr;<\/span><\/a><\/p>\n","protected":false},"author":3,"featured_media":0,"comment_status":"open","ping_status":"closed","sticky":false,"template":"","format":"standard","meta":{"footnotes":""},"categories":[1],"tags":[],"class_list":["post-9340","post","type-post","status-publish","format-standard","hentry","category-uncategorized"],"_links":{"self":[{"href":"https:\/\/ecclesiae.de\/blog\/index.php?rest_route=\/wp\/v2\/posts\/9340","targetHints":{"allow":["GET"]}}],"collection":[{"href":"https:\/\/ecclesiae.de\/blog\/index.php?rest_route=\/wp\/v2\/posts"}],"about":[{"href":"https:\/\/ecclesiae.de\/blog\/index.php?rest_route=\/wp\/v2\/types\/post"}],"author":[{"embeddable":true,"href":"https:\/\/ecclesiae.de\/blog\/index.php?rest_route=\/wp\/v2\/users\/3"}],"replies":[{"embeddable":true,"href":"https:\/\/ecclesiae.de\/blog\/index.php?rest_route=%2Fwp%2Fv2%2Fcomments&post=9340"}],"version-history":[{"count":1,"href":"https:\/\/ecclesiae.de\/blog\/index.php?rest_route=\/wp\/v2\/posts\/9340\/revisions"}],"predecessor-version":[{"id":9346,"href":"https:\/\/ecclesiae.de\/blog\/index.php?rest_route=\/wp\/v2\/posts\/9340\/revisions\/9346"}],"wp:attachment":[{"href":"https:\/\/ecclesiae.de\/blog\/index.php?rest_route=%2Fwp%2Fv2%2Fmedia&parent=9340"}],"wp:term":[{"taxonomy":"category","embeddable":true,"href":"https:\/\/ecclesiae.de\/blog\/index.php?rest_route=%2Fwp%2Fv2%2Fcategories&post=9340"},{"taxonomy":"post_tag","embeddable":true,"href":"https:\/\/ecclesiae.de\/blog\/index.php?rest_route=%2Fwp%2Fv2%2Ftags&post=9340"}],"curies":[{"name":"wp","href":"https:\/\/api.w.org\/{rel}","templated":true}]}}