{"id":9347,"date":"2021-08-12T00:01:00","date_gmt":"2021-08-12T00:01:00","guid":{"rendered":"http:\/\/ecclesiae.de\/blog\/?p=9347"},"modified":"2021-07-05T11:50:13","modified_gmt":"2021-07-05T11:50:13","slug":"12-august-worte-vom-hl-papst-johannes-paul-ii","status":"publish","type":"post","link":"https:\/\/ecclesiae.de\/blog\/?p=9347","title":{"rendered":"12. August  &#8211; Worte vom hl. Papst Johannes Paul II."},"content":{"rendered":"\n<div class=\"wp-block-media-text alignwide is-stacked-on-mobile\"><figure class=\"wp-block-media-text__media\"><img loading=\"lazy\" decoding=\"async\" width=\"1024\" height=\"872\" src=\"https:\/\/ecclesiae.de\/blog\/wp-content\/uploads\/2021\/07\/20210704_084610-1024x872.jpg\" alt=\"\" class=\"wp-image-9344 size-full\" srcset=\"https:\/\/ecclesiae.de\/blog\/wp-content\/uploads\/2021\/07\/20210704_084610-1024x872.jpg 1024w, https:\/\/ecclesiae.de\/blog\/wp-content\/uploads\/2021\/07\/20210704_084610-300x255.jpg 300w, https:\/\/ecclesiae.de\/blog\/wp-content\/uploads\/2021\/07\/20210704_084610-768x654.jpg 768w, https:\/\/ecclesiae.de\/blog\/wp-content\/uploads\/2021\/07\/20210704_084610-1536x1308.jpg 1536w, https:\/\/ecclesiae.de\/blog\/wp-content\/uploads\/2021\/07\/20210704_084610-352x300.jpg 352w, https:\/\/ecclesiae.de\/blog\/wp-content\/uploads\/2021\/07\/20210704_084610.jpg 1960w\" sizes=\"auto, (max-width: 1024px) 100vw, 1024px\" \/><\/figure><div class=\"wp-block-media-text__content\">\n<p class=\"has-text-align-center\">Fortsetzung \u2026<\/p>\n\n\n\n<p class=\"has-text-align-center\">3. Der Betende bittet flehentlich, Gott m\u00f6ge vom Himmel seine Boten senden, denen er die vielsagenden Namen \u00bbHuld\u00ab und \u00bbTreue\u00ab (V. 4) gibt, als besondere Eigenschaften der heilsbringenden Liebe Gottes. Auch wenn er also vor dem grauenerregenden Br\u00fcllen der Raubtiere und der Heimt\u00fccke seiner Verfolger erschaudert, bleibt der Gl\u00e4ubige in seinem Innersten zuversichtlich und ruhig, wie Daniel in der L\u00f6wengrube (vgl.&nbsp;<em>Dan<\/em>&nbsp;6, 7 \u2013 25).&nbsp;<\/p>\n\n\n\n<p class=\"has-text-align-center\">Fortsetzung folgt \u2026<\/p>\n\n\n\n<p class=\"has-text-align-center\">Q.: Papst Johannes-Paul II. am 19.09.2001<\/p>\n<\/div><\/div>\n","protected":false},"excerpt":{"rendered":"<p>Fortsetzung \u2026 3. Der Betende bittet flehentlich, Gott m\u00f6ge vom Himmel seine Boten senden, denen er die vielsagenden Namen \u00bbHuld\u00ab und \u00bbTreue\u00ab (V. 4) gibt, als besondere Eigenschaften der heilsbringenden Liebe Gottes. Auch wenn er also vor dem grauenerregenden Br\u00fcllen &hellip; <a href=\"https:\/\/ecclesiae.de\/blog\/?p=9347\">Weiterlesen <span class=\"meta-nav\">&rarr;<\/span><\/a><\/p>\n","protected":false},"author":3,"featured_media":0,"comment_status":"open","ping_status":"closed","sticky":false,"template":"","format":"standard","meta":{"footnotes":""},"categories":[1],"tags":[],"class_list":["post-9347","post","type-post","status-publish","format-standard","hentry","category-uncategorized"],"_links":{"self":[{"href":"https:\/\/ecclesiae.de\/blog\/index.php?rest_route=\/wp\/v2\/posts\/9347","targetHints":{"allow":["GET"]}}],"collection":[{"href":"https:\/\/ecclesiae.de\/blog\/index.php?rest_route=\/wp\/v2\/posts"}],"about":[{"href":"https:\/\/ecclesiae.de\/blog\/index.php?rest_route=\/wp\/v2\/types\/post"}],"author":[{"embeddable":true,"href":"https:\/\/ecclesiae.de\/blog\/index.php?rest_route=\/wp\/v2\/users\/3"}],"replies":[{"embeddable":true,"href":"https:\/\/ecclesiae.de\/blog\/index.php?rest_route=%2Fwp%2Fv2%2Fcomments&post=9347"}],"version-history":[{"count":1,"href":"https:\/\/ecclesiae.de\/blog\/index.php?rest_route=\/wp\/v2\/posts\/9347\/revisions"}],"predecessor-version":[{"id":9348,"href":"https:\/\/ecclesiae.de\/blog\/index.php?rest_route=\/wp\/v2\/posts\/9347\/revisions\/9348"}],"wp:attachment":[{"href":"https:\/\/ecclesiae.de\/blog\/index.php?rest_route=%2Fwp%2Fv2%2Fmedia&parent=9347"}],"wp:term":[{"taxonomy":"category","embeddable":true,"href":"https:\/\/ecclesiae.de\/blog\/index.php?rest_route=%2Fwp%2Fv2%2Fcategories&post=9347"},{"taxonomy":"post_tag","embeddable":true,"href":"https:\/\/ecclesiae.de\/blog\/index.php?rest_route=%2Fwp%2Fv2%2Ftags&post=9347"}],"curies":[{"name":"wp","href":"https:\/\/api.w.org\/{rel}","templated":true}]}}