{"id":9351,"date":"2021-08-14T00:01:00","date_gmt":"2021-08-14T00:01:00","guid":{"rendered":"http:\/\/ecclesiae.de\/blog\/?p=9351"},"modified":"2021-07-05T11:53:05","modified_gmt":"2021-07-05T11:53:05","slug":"14-august-worte-vom-hl-papst-johannes-paul-ii","status":"publish","type":"post","link":"https:\/\/ecclesiae.de\/blog\/?p=9351","title":{"rendered":"14. August  &#8211; Worte vom hl. Papst Johannes Paul II."},"content":{"rendered":"\n<div class=\"wp-block-media-text alignwide is-stacked-on-mobile\"><figure class=\"wp-block-media-text__media\"><img loading=\"lazy\" decoding=\"async\" width=\"980\" height=\"980\" src=\"https:\/\/ecclesiae.de\/blog\/wp-content\/uploads\/2021\/07\/IMG_20191006_182341_653.jpg\" alt=\"\" class=\"wp-image-9343 size-full\" srcset=\"https:\/\/ecclesiae.de\/blog\/wp-content\/uploads\/2021\/07\/IMG_20191006_182341_653.jpg 980w, https:\/\/ecclesiae.de\/blog\/wp-content\/uploads\/2021\/07\/IMG_20191006_182341_653-300x300.jpg 300w, https:\/\/ecclesiae.de\/blog\/wp-content\/uploads\/2021\/07\/IMG_20191006_182341_653-150x150.jpg 150w, https:\/\/ecclesiae.de\/blog\/wp-content\/uploads\/2021\/07\/IMG_20191006_182341_653-768x768.jpg 768w\" sizes=\"auto, (max-width: 980px) 100vw, 980px\" \/><\/figure><div class=\"wp-block-media-text__content\">\n<p class=\"has-text-align-center\">Fortsetzung \u2026<\/p>\n\n\n\n<p class=\"has-text-align-center\">4. Wir kommen so zum zweiten Aspekt des Psalms, den des Dankes (vgl. V. 8 \u2013 12). Ein Abschnitt f\u00e4llt wegen seiner Intensit\u00e4t und Sch\u00f6nheit ganz besonders auf: \u00bbMein Herz ist bereit, o Gott, mein Herz ist bereit, ich will dir singen und spielen. Wach auf, meine Seele! Wacht auf, Harfe und Saitenspiel! Ich will das Morgenrot wecken\u00ab (V. 8 \u2013 9). Die Finsternis ist gewichen: Die Morgenr\u00f6te des Heils wird durch den Gesang des Betenden herbeigeholt.&nbsp;<\/p>\n\n\n\n<p class=\"has-text-align-center\">Fortsetzung folgt \u2026<\/p>\n\n\n\n<p class=\"has-text-align-center\">Q.: Papst Johannes-Paul II. am 19.09.2001<\/p>\n<\/div><\/div>\n","protected":false},"excerpt":{"rendered":"<p>Fortsetzung \u2026 4. Wir kommen so zum zweiten Aspekt des Psalms, den des Dankes (vgl. V. 8 \u2013 12). Ein Abschnitt f\u00e4llt wegen seiner Intensit\u00e4t und Sch\u00f6nheit ganz besonders auf: \u00bbMein Herz ist bereit, o Gott, mein Herz ist bereit, &hellip; <a href=\"https:\/\/ecclesiae.de\/blog\/?p=9351\">Weiterlesen <span class=\"meta-nav\">&rarr;<\/span><\/a><\/p>\n","protected":false},"author":3,"featured_media":0,"comment_status":"open","ping_status":"closed","sticky":false,"template":"","format":"standard","meta":{"footnotes":""},"categories":[1],"tags":[],"class_list":["post-9351","post","type-post","status-publish","format-standard","hentry","category-uncategorized"],"_links":{"self":[{"href":"https:\/\/ecclesiae.de\/blog\/index.php?rest_route=\/wp\/v2\/posts\/9351","targetHints":{"allow":["GET"]}}],"collection":[{"href":"https:\/\/ecclesiae.de\/blog\/index.php?rest_route=\/wp\/v2\/posts"}],"about":[{"href":"https:\/\/ecclesiae.de\/blog\/index.php?rest_route=\/wp\/v2\/types\/post"}],"author":[{"embeddable":true,"href":"https:\/\/ecclesiae.de\/blog\/index.php?rest_route=\/wp\/v2\/users\/3"}],"replies":[{"embeddable":true,"href":"https:\/\/ecclesiae.de\/blog\/index.php?rest_route=%2Fwp%2Fv2%2Fcomments&post=9351"}],"version-history":[{"count":1,"href":"https:\/\/ecclesiae.de\/blog\/index.php?rest_route=\/wp\/v2\/posts\/9351\/revisions"}],"predecessor-version":[{"id":9352,"href":"https:\/\/ecclesiae.de\/blog\/index.php?rest_route=\/wp\/v2\/posts\/9351\/revisions\/9352"}],"wp:attachment":[{"href":"https:\/\/ecclesiae.de\/blog\/index.php?rest_route=%2Fwp%2Fv2%2Fmedia&parent=9351"}],"wp:term":[{"taxonomy":"category","embeddable":true,"href":"https:\/\/ecclesiae.de\/blog\/index.php?rest_route=%2Fwp%2Fv2%2Fcategories&post=9351"},{"taxonomy":"post_tag","embeddable":true,"href":"https:\/\/ecclesiae.de\/blog\/index.php?rest_route=%2Fwp%2Fv2%2Ftags&post=9351"}],"curies":[{"name":"wp","href":"https:\/\/api.w.org\/{rel}","templated":true}]}}