{"id":9363,"date":"2021-08-20T00:01:00","date_gmt":"2021-08-20T00:01:00","guid":{"rendered":"http:\/\/ecclesiae.de\/blog\/?p=9363"},"modified":"2021-07-05T12:02:37","modified_gmt":"2021-07-05T12:02:37","slug":"20-august-worte-vom-hl-papst-johannes-paul-ii","status":"publish","type":"post","link":"https:\/\/ecclesiae.de\/blog\/?p=9363","title":{"rendered":"20. August  &#8211; Worte vom hl. Papst Johannes Paul II."},"content":{"rendered":"\n<div class=\"wp-block-media-text alignwide is-stacked-on-mobile\"><figure class=\"wp-block-media-text__media\"><img loading=\"lazy\" decoding=\"async\" width=\"498\" height=\"1024\" src=\"https:\/\/ecclesiae.de\/blog\/wp-content\/uploads\/2019\/07\/20190707_112459-e1562515314745-498x1024.jpg\" alt=\"\" class=\"wp-image-7515 size-full\" srcset=\"https:\/\/ecclesiae.de\/blog\/wp-content\/uploads\/2019\/07\/20190707_112459-e1562515314745-498x1024.jpg 498w, https:\/\/ecclesiae.de\/blog\/wp-content\/uploads\/2019\/07\/20190707_112459-e1562515314745-146x300.jpg 146w, https:\/\/ecclesiae.de\/blog\/wp-content\/uploads\/2019\/07\/20190707_112459-e1562515314745-768x1580.jpg 768w, https:\/\/ecclesiae.de\/blog\/wp-content\/uploads\/2019\/07\/20190707_112459-e1562515314745.jpg 1960w\" sizes=\"auto, (max-width: 498px) 100vw, 498px\" \/><\/figure><div class=\"wp-block-media-text__content\">\n<p class=\"has-text-align-center\">Jedesmal, wenn ein Arbeitstag und ein Tag menschlichen Miteinanders beginnt, kann der Mensch zwei grunds\u00e4tzliche Haltungen einnehmen: Er kann sich f\u00fcr das Gute entscheiden oder dem B\u00f6sen nachgeben. Der Psalm 36, den wir vor kurzem geh\u00f6rt haben, stellt uns eben diese beiden gegens\u00e4tzlichen M\u00f6glichkeiten vor Augen. Einerseits gibt es Menschen, die schon auf dem \u00bbLager\u00ab, von dem sie sich erheben werden, unlautere Vorhaben hegen; andererseits solche, die das Licht Gottes, die \u00bbQuelle des Lebens\u00ab (vgl. V. 10), suchen. Dem Abgrund der Bosheit des Frevlers steht der Abgrund der G\u00fcte Gottes gegen\u00fcber, als lebendige Quelle, die den Durst stillt, und als Licht, das den Gl\u00e4ubigen erleuchtet.&nbsp;<\/p>\n\n\n\n<p class=\"has-text-align-center\">Fortsetzung folgt \u2026<\/p>\n\n\n\n<p class=\"has-text-align-center\">Q.: Papst Johannes-Paul II. am 22.08.2001<\/p>\n<\/div><\/div>\n","protected":false},"excerpt":{"rendered":"<p>Jedesmal, wenn ein Arbeitstag und ein Tag menschlichen Miteinanders beginnt, kann der Mensch zwei grunds\u00e4tzliche Haltungen einnehmen: Er kann sich f\u00fcr das Gute entscheiden oder dem B\u00f6sen nachgeben. Der Psalm 36, den wir vor kurzem geh\u00f6rt haben, stellt uns eben &hellip; <a href=\"https:\/\/ecclesiae.de\/blog\/?p=9363\">Weiterlesen <span class=\"meta-nav\">&rarr;<\/span><\/a><\/p>\n","protected":false},"author":3,"featured_media":0,"comment_status":"open","ping_status":"closed","sticky":false,"template":"","format":"standard","meta":{"footnotes":""},"categories":[1],"tags":[],"class_list":["post-9363","post","type-post","status-publish","format-standard","hentry","category-uncategorized"],"_links":{"self":[{"href":"https:\/\/ecclesiae.de\/blog\/index.php?rest_route=\/wp\/v2\/posts\/9363","targetHints":{"allow":["GET"]}}],"collection":[{"href":"https:\/\/ecclesiae.de\/blog\/index.php?rest_route=\/wp\/v2\/posts"}],"about":[{"href":"https:\/\/ecclesiae.de\/blog\/index.php?rest_route=\/wp\/v2\/types\/post"}],"author":[{"embeddable":true,"href":"https:\/\/ecclesiae.de\/blog\/index.php?rest_route=\/wp\/v2\/users\/3"}],"replies":[{"embeddable":true,"href":"https:\/\/ecclesiae.de\/blog\/index.php?rest_route=%2Fwp%2Fv2%2Fcomments&post=9363"}],"version-history":[{"count":1,"href":"https:\/\/ecclesiae.de\/blog\/index.php?rest_route=\/wp\/v2\/posts\/9363\/revisions"}],"predecessor-version":[{"id":9364,"href":"https:\/\/ecclesiae.de\/blog\/index.php?rest_route=\/wp\/v2\/posts\/9363\/revisions\/9364"}],"wp:attachment":[{"href":"https:\/\/ecclesiae.de\/blog\/index.php?rest_route=%2Fwp%2Fv2%2Fmedia&parent=9363"}],"wp:term":[{"taxonomy":"category","embeddable":true,"href":"https:\/\/ecclesiae.de\/blog\/index.php?rest_route=%2Fwp%2Fv2%2Fcategories&post=9363"},{"taxonomy":"post_tag","embeddable":true,"href":"https:\/\/ecclesiae.de\/blog\/index.php?rest_route=%2Fwp%2Fv2%2Ftags&post=9363"}],"curies":[{"name":"wp","href":"https:\/\/api.w.org\/{rel}","templated":true}]}}