{"id":9365,"date":"2021-08-21T00:02:00","date_gmt":"2021-08-21T00:02:00","guid":{"rendered":"http:\/\/ecclesiae.de\/blog\/?p=9365"},"modified":"2021-07-05T12:03:49","modified_gmt":"2021-07-05T12:03:49","slug":"21-august-worte-vom-hl-papst-johannes-paul-ii","status":"publish","type":"post","link":"https:\/\/ecclesiae.de\/blog\/?p=9365","title":{"rendered":"21. August  &#8211; Worte vom hl. Papst Johannes Paul II."},"content":{"rendered":"\n<div class=\"wp-block-media-text alignwide is-stacked-on-mobile\"><figure class=\"wp-block-media-text__media\"><img loading=\"lazy\" decoding=\"async\" width=\"498\" height=\"1024\" src=\"https:\/\/ecclesiae.de\/blog\/wp-content\/uploads\/2020\/05\/20200517_125500-498x1024.jpg\" alt=\"\" class=\"wp-image-8397 size-full\" srcset=\"https:\/\/ecclesiae.de\/blog\/wp-content\/uploads\/2020\/05\/20200517_125500-498x1024.jpg 498w, https:\/\/ecclesiae.de\/blog\/wp-content\/uploads\/2020\/05\/20200517_125500-146x300.jpg 146w, https:\/\/ecclesiae.de\/blog\/wp-content\/uploads\/2020\/05\/20200517_125500-768x1580.jpg 768w, https:\/\/ecclesiae.de\/blog\/wp-content\/uploads\/2020\/05\/20200517_125500-747x1536.jpg 747w, https:\/\/ecclesiae.de\/blog\/wp-content\/uploads\/2020\/05\/20200517_125500-996x2048.jpg 996w, https:\/\/ecclesiae.de\/blog\/wp-content\/uploads\/2020\/05\/20200517_125500-scaled.jpg 1244w\" sizes=\"auto, (max-width: 498px) 100vw, 498px\" \/><\/figure><div class=\"wp-block-media-text__content\">\n<p class=\"has-text-align-center\">Fortsetzung \u2026<\/p>\n\n\n\n<p class=\"has-text-align-center\">Zwei Menschentypen beschreibt also das soeben verk\u00fcndete Gebet des Psalms, den uns das&nbsp;<em>Stundengebet<\/em>&nbsp;f\u00fcr die Laudes am Mittwoch der ersten Woche vorschl\u00e4gt.&nbsp;<\/p>\n\n\n\n<p class=\"has-text-align-center\">2. Die erste Charakterskizze, die der Psalmist uns aufzeigt, ist die des S\u00fcnders (vgl. V. 2 \u20135). In seinem Innern befindet sich die \u00bbWeissagung der S\u00fcnde\u00ab, wie es im hebr\u00e4ischen Original hei\u00dft (vgl. V. 2). Dies ist ein bedeutungsstarker Ausdruck. Es l\u00e4\u00dft an ein satanisches Wort denken, das im Gegensatz zum Wort Gottes im Herzen und im Sprechen des Frevlers erklingt.&nbsp;<\/p>\n\n\n\n<p class=\"has-text-align-center\">Fortsetzung folgt \u2026<\/p>\n\n\n\n<p class=\"has-text-align-center\">Q.: Papst Johannes-Paul II. am 22.08.2001<\/p>\n<\/div><\/div>\n","protected":false},"excerpt":{"rendered":"<p>Fortsetzung \u2026 Zwei Menschentypen beschreibt also das soeben verk\u00fcndete Gebet des Psalms, den uns das&nbsp;Stundengebet&nbsp;f\u00fcr die Laudes am Mittwoch der ersten Woche vorschl\u00e4gt.&nbsp; 2. Die erste Charakterskizze, die der Psalmist uns aufzeigt, ist die des S\u00fcnders (vgl. V. 2 \u20135). &hellip; <a href=\"https:\/\/ecclesiae.de\/blog\/?p=9365\">Weiterlesen <span class=\"meta-nav\">&rarr;<\/span><\/a><\/p>\n","protected":false},"author":3,"featured_media":0,"comment_status":"open","ping_status":"closed","sticky":false,"template":"","format":"standard","meta":{"footnotes":""},"categories":[1],"tags":[],"class_list":["post-9365","post","type-post","status-publish","format-standard","hentry","category-uncategorized"],"_links":{"self":[{"href":"https:\/\/ecclesiae.de\/blog\/index.php?rest_route=\/wp\/v2\/posts\/9365","targetHints":{"allow":["GET"]}}],"collection":[{"href":"https:\/\/ecclesiae.de\/blog\/index.php?rest_route=\/wp\/v2\/posts"}],"about":[{"href":"https:\/\/ecclesiae.de\/blog\/index.php?rest_route=\/wp\/v2\/types\/post"}],"author":[{"embeddable":true,"href":"https:\/\/ecclesiae.de\/blog\/index.php?rest_route=\/wp\/v2\/users\/3"}],"replies":[{"embeddable":true,"href":"https:\/\/ecclesiae.de\/blog\/index.php?rest_route=%2Fwp%2Fv2%2Fcomments&post=9365"}],"version-history":[{"count":1,"href":"https:\/\/ecclesiae.de\/blog\/index.php?rest_route=\/wp\/v2\/posts\/9365\/revisions"}],"predecessor-version":[{"id":9366,"href":"https:\/\/ecclesiae.de\/blog\/index.php?rest_route=\/wp\/v2\/posts\/9365\/revisions\/9366"}],"wp:attachment":[{"href":"https:\/\/ecclesiae.de\/blog\/index.php?rest_route=%2Fwp%2Fv2%2Fmedia&parent=9365"}],"wp:term":[{"taxonomy":"category","embeddable":true,"href":"https:\/\/ecclesiae.de\/blog\/index.php?rest_route=%2Fwp%2Fv2%2Fcategories&post=9365"},{"taxonomy":"post_tag","embeddable":true,"href":"https:\/\/ecclesiae.de\/blog\/index.php?rest_route=%2Fwp%2Fv2%2Ftags&post=9365"}],"curies":[{"name":"wp","href":"https:\/\/api.w.org\/{rel}","templated":true}]}}