{"id":9367,"date":"2021-08-22T00:01:00","date_gmt":"2021-08-22T00:01:00","guid":{"rendered":"http:\/\/ecclesiae.de\/blog\/?p=9367"},"modified":"2021-07-05T12:08:41","modified_gmt":"2021-07-05T12:08:41","slug":"22-august-worte-vom-hl-papst-johannes-paul-ii","status":"publish","type":"post","link":"https:\/\/ecclesiae.de\/blog\/?p=9367","title":{"rendered":"22. August  &#8211; Worte vom hl. Papst Johannes Paul II."},"content":{"rendered":"\n<div class=\"wp-block-media-text alignwide is-stacked-on-mobile\"><figure class=\"wp-block-media-text__media\"><img loading=\"lazy\" decoding=\"async\" width=\"350\" height=\"541\" src=\"https:\/\/ecclesiae.de\/blog\/wp-content\/uploads\/2020\/06\/Maria-Koenigin.jpg\" alt=\"\" class=\"wp-image-8484 size-full\" srcset=\"https:\/\/ecclesiae.de\/blog\/wp-content\/uploads\/2020\/06\/Maria-Koenigin.jpg 350w, https:\/\/ecclesiae.de\/blog\/wp-content\/uploads\/2020\/06\/Maria-Koenigin-194x300.jpg 194w\" sizes=\"auto, (max-width: 350px) 100vw, 350px\" \/><\/figure><div class=\"wp-block-media-text__content\">\n<p class=\"has-text-align-center\">Fortsetzung \u2026<\/p>\n\n\n\n<p class=\"has-text-align-center\">In ihm scheint das B\u00f6se eines Wesens zu sein mit seiner innersten Wirklichkeit, so da\u00df es in Worten und Taten zum Vorschein kommt (vgl. V. 3 \u20134). Er verbringt seine Tage, indem er \u00bbschlimme Wege\u00ab w\u00e4hlt, und zwar vom fr\u00fchen Morgen an, wenn er noch auf seinem Lager liegt (vgl. V. 5), bis zum Abend, wenn er sich schlafen legt. Diese best\u00e4ndige Wahl des S\u00fcnders entstammt einer Entscheidung, die sein gesamtes Dasein ber\u00fchrt und zum Tod f\u00fchrt.&nbsp;<\/p>\n\n\n\n<p class=\"has-text-align-center\">Fortsetzung folgt \u2026<\/p>\n\n\n\n<p class=\"has-text-align-center\">Q.: Papst Johannes-Paul II. am 22.08.2001<\/p>\n<\/div><\/div>\n","protected":false},"excerpt":{"rendered":"<p>Fortsetzung \u2026 In ihm scheint das B\u00f6se eines Wesens zu sein mit seiner innersten Wirklichkeit, so da\u00df es in Worten und Taten zum Vorschein kommt (vgl. V. 3 \u20134). Er verbringt seine Tage, indem er \u00bbschlimme Wege\u00ab w\u00e4hlt, und zwar &hellip; <a href=\"https:\/\/ecclesiae.de\/blog\/?p=9367\">Weiterlesen <span class=\"meta-nav\">&rarr;<\/span><\/a><\/p>\n","protected":false},"author":3,"featured_media":0,"comment_status":"open","ping_status":"closed","sticky":false,"template":"","format":"standard","meta":{"footnotes":""},"categories":[1],"tags":[],"class_list":["post-9367","post","type-post","status-publish","format-standard","hentry","category-uncategorized"],"_links":{"self":[{"href":"https:\/\/ecclesiae.de\/blog\/index.php?rest_route=\/wp\/v2\/posts\/9367","targetHints":{"allow":["GET"]}}],"collection":[{"href":"https:\/\/ecclesiae.de\/blog\/index.php?rest_route=\/wp\/v2\/posts"}],"about":[{"href":"https:\/\/ecclesiae.de\/blog\/index.php?rest_route=\/wp\/v2\/types\/post"}],"author":[{"embeddable":true,"href":"https:\/\/ecclesiae.de\/blog\/index.php?rest_route=\/wp\/v2\/users\/3"}],"replies":[{"embeddable":true,"href":"https:\/\/ecclesiae.de\/blog\/index.php?rest_route=%2Fwp%2Fv2%2Fcomments&post=9367"}],"version-history":[{"count":1,"href":"https:\/\/ecclesiae.de\/blog\/index.php?rest_route=\/wp\/v2\/posts\/9367\/revisions"}],"predecessor-version":[{"id":9368,"href":"https:\/\/ecclesiae.de\/blog\/index.php?rest_route=\/wp\/v2\/posts\/9367\/revisions\/9368"}],"wp:attachment":[{"href":"https:\/\/ecclesiae.de\/blog\/index.php?rest_route=%2Fwp%2Fv2%2Fmedia&parent=9367"}],"wp:term":[{"taxonomy":"category","embeddable":true,"href":"https:\/\/ecclesiae.de\/blog\/index.php?rest_route=%2Fwp%2Fv2%2Fcategories&post=9367"},{"taxonomy":"post_tag","embeddable":true,"href":"https:\/\/ecclesiae.de\/blog\/index.php?rest_route=%2Fwp%2Fv2%2Ftags&post=9367"}],"curies":[{"name":"wp","href":"https:\/\/api.w.org\/{rel}","templated":true}]}}