{"id":9369,"date":"2021-08-23T00:01:00","date_gmt":"2021-08-23T00:01:00","guid":{"rendered":"http:\/\/ecclesiae.de\/blog\/?p=9369"},"modified":"2021-07-05T12:11:05","modified_gmt":"2021-07-05T12:11:05","slug":"23-august-worte-vom-hl-papst-johannes-paul-ii","status":"publish","type":"post","link":"https:\/\/ecclesiae.de\/blog\/?p=9369","title":{"rendered":"23. August  &#8211; Worte vom hl. Papst Johannes Paul II."},"content":{"rendered":"\n<div class=\"wp-block-media-text alignwide is-stacked-on-mobile\"><figure class=\"wp-block-media-text__media\"><img loading=\"lazy\" decoding=\"async\" width=\"1024\" height=\"409\" src=\"https:\/\/ecclesiae.de\/blog\/wp-content\/uploads\/2016\/08\/IMG_20160813_181509-2-1024x409.jpg\" alt=\"\" class=\"wp-image-4895 size-full\" srcset=\"https:\/\/ecclesiae.de\/blog\/wp-content\/uploads\/2016\/08\/IMG_20160813_181509-2-1024x409.jpg 1024w, https:\/\/ecclesiae.de\/blog\/wp-content\/uploads\/2016\/08\/IMG_20160813_181509-2-300x120.jpg 300w, https:\/\/ecclesiae.de\/blog\/wp-content\/uploads\/2016\/08\/IMG_20160813_181509-2-768x307.jpg 768w, https:\/\/ecclesiae.de\/blog\/wp-content\/uploads\/2016\/08\/IMG_20160813_181509-2-500x200.jpg 500w\" sizes=\"auto, (max-width: 1024px) 100vw, 1024px\" \/><\/figure><div class=\"wp-block-media-text__content\">\n<p>Fortsetzung \u2026<\/p>\n\n\n\n<p class=\"has-text-align-center\">3. Der Psalmist ist aber ganz auf die andere Darstellung hinorientiert, in der er sich selbst widerspiegeln m\u00f6chte: die eines Mannes, der das Antlitz Gottes sucht (vgl. V. 6 \u201313). Er erhebt eine regelrechte Hymne auf die g\u00f6ttliche Liebe (vgl. V. 6 \u201311), der er am Ende die flehentliche Anrufung folgen l\u00e4sst, der Herr m\u00f6ge ihn von der dunklen Faszination des B\u00f6sen befreien, damit er f\u00fcr immer vom Licht der Gnade umgeben sei.&nbsp;<\/p>\n<\/div><\/div>\n\n\n\n<p class=\"has-text-align-center\">Fortsetzung folgt \u2026<\/p>\n\n\n\n<p class=\"has-text-align-center\">Q.: Papst Johannes-Paul II. am 22.08.2001<\/p>\n","protected":false},"excerpt":{"rendered":"<p>Fortsetzung \u2026 3. Der Psalmist ist aber ganz auf die andere Darstellung hinorientiert, in der er sich selbst widerspiegeln m\u00f6chte: die eines Mannes, der das Antlitz Gottes sucht (vgl. V. 6 \u201313). Er erhebt eine regelrechte Hymne auf die g\u00f6ttliche &hellip; <a href=\"https:\/\/ecclesiae.de\/blog\/?p=9369\">Weiterlesen <span class=\"meta-nav\">&rarr;<\/span><\/a><\/p>\n","protected":false},"author":3,"featured_media":0,"comment_status":"open","ping_status":"closed","sticky":false,"template":"","format":"standard","meta":{"footnotes":""},"categories":[1],"tags":[],"class_list":["post-9369","post","type-post","status-publish","format-standard","hentry","category-uncategorized"],"_links":{"self":[{"href":"https:\/\/ecclesiae.de\/blog\/index.php?rest_route=\/wp\/v2\/posts\/9369","targetHints":{"allow":["GET"]}}],"collection":[{"href":"https:\/\/ecclesiae.de\/blog\/index.php?rest_route=\/wp\/v2\/posts"}],"about":[{"href":"https:\/\/ecclesiae.de\/blog\/index.php?rest_route=\/wp\/v2\/types\/post"}],"author":[{"embeddable":true,"href":"https:\/\/ecclesiae.de\/blog\/index.php?rest_route=\/wp\/v2\/users\/3"}],"replies":[{"embeddable":true,"href":"https:\/\/ecclesiae.de\/blog\/index.php?rest_route=%2Fwp%2Fv2%2Fcomments&post=9369"}],"version-history":[{"count":1,"href":"https:\/\/ecclesiae.de\/blog\/index.php?rest_route=\/wp\/v2\/posts\/9369\/revisions"}],"predecessor-version":[{"id":9370,"href":"https:\/\/ecclesiae.de\/blog\/index.php?rest_route=\/wp\/v2\/posts\/9369\/revisions\/9370"}],"wp:attachment":[{"href":"https:\/\/ecclesiae.de\/blog\/index.php?rest_route=%2Fwp%2Fv2%2Fmedia&parent=9369"}],"wp:term":[{"taxonomy":"category","embeddable":true,"href":"https:\/\/ecclesiae.de\/blog\/index.php?rest_route=%2Fwp%2Fv2%2Fcategories&post=9369"},{"taxonomy":"post_tag","embeddable":true,"href":"https:\/\/ecclesiae.de\/blog\/index.php?rest_route=%2Fwp%2Fv2%2Ftags&post=9369"}],"curies":[{"name":"wp","href":"https:\/\/api.w.org\/{rel}","templated":true}]}}